{"id":94504,"date":"2022-12-31T12:55:55","date_gmt":"2022-12-31T10:55:55","guid":{"rendered":"https:\/\/www.giurgiuveanul.ro\/stiri\/?p=94504"},"modified":"2022-12-31T12:55:55","modified_gmt":"2022-12-31T10:55:55","slug":"presedintele-psd-giurgiu-deputatul-marian-mina-mesaj-de-anul-nou","status":"publish","type":"post","link":"https:\/\/www.giurgiuveanul.ro\/stiri\/presedintele-psd-giurgiu-deputatul-marian-mina-mesaj-de-anul-nou\/","title":{"rendered":"Pre\u015fedintele PSD Giurgiu, deputatul Marian Mina, mesaj de Anul Nou!"},"content":{"rendered":"<p style=\"text-align: justify;\"><a href=\"https:\/\/www.giurgiuveanul.ro\/stiri\/wp-content\/uploads\/2022\/12\/marian-mina.jpeg\"><img loading=\"lazy\" decoding=\"async\" class=\"aligncenter  wp-image-94505\" src=\"https:\/\/www.giurgiuveanul.ro\/stiri\/wp-content\/uploads\/2022\/12\/marian-mina-560x264.jpeg\" alt=\"\" width=\"588\" height=\"277\" srcset=\"https:\/\/www.giurgiuveanul.ro\/stiri\/wp-content\/uploads\/2022\/12\/marian-mina-560x264.jpeg 560w, https:\/\/www.giurgiuveanul.ro\/stiri\/wp-content\/uploads\/2022\/12\/marian-mina-250x118.jpeg 250w, https:\/\/www.giurgiuveanul.ro\/stiri\/wp-content\/uploads\/2022\/12\/marian-mina-768x362.jpeg 768w, https:\/\/www.giurgiuveanul.ro\/stiri\/wp-content\/uploads\/2022\/12\/marian-mina-1536x725.jpeg 1536w, https:\/\/www.giurgiuveanul.ro\/stiri\/wp-content\/uploads\/2022\/12\/marian-mina-400x189.jpeg 400w, https:\/\/www.giurgiuveanul.ro\/stiri\/wp-content\/uploads\/2022\/12\/marian-mina.jpeg 1600w\" sizes=\"auto, (max-width: 588px) 100vw, 588px\" \/><\/a>\u015ei mie, ca \u015fi vou\u0103 &#8211; sunt convins-,<!--more--> mi se pare c\u0103 anul 2022 a trecut foarte repede, parc\u0103 cel mai repede dintre to\u0163i. Totu\u015fi, nu a fost un an deloc u\u015for, ci unul cu multe \u00eencerc\u0103ri, dar sper c\u0103, pentru fiecare dintre voi, dragi prieteni, a trecut cu folos, cu reu\u015fite \u015fi cu \u00eencrederea c\u0103 2023 va fi cel mai bun an de p\u00e2n\u0103 acum.<\/p>\n<p style=\"text-align: justify;\">Important este s\u0103 fim s\u0103n\u0103to\u015fi, ca s\u0103 le putem duce la bun sf\u00e2r\u015fit pe toate!<\/p>\n<p style=\"text-align: justify;\">V\u0103 doresc tuturor un An Nou fericit, s\u0103 vi se \u00eendeplineasc\u0103 toate dorin\u0163ele \u015fi s\u0103 v\u0103 bucura\u0163i de fiecare clip\u0103, \u00eempreun\u0103 cu familia \u015fi cu prietenii adev\u0103ra\u0163i!<\/p>\n<p style=\"text-align: justify;\">La Mul\u0163i Ani!<\/p>\n<p>&nbsp;<\/p>\n<p style=\"text-align: center;\"><strong>Deputat Marian Mina,<\/strong><\/p>\n<p style=\"text-align: center;\">Pre\u015fedinte PSD Giurgiu<\/p>\n","protected":false},"excerpt":{"rendered":"<p>\u015ei mie, ca \u015fi vou\u0103 &#8211; sunt convins-,<\/p>\n","protected":false},"author":1,"featured_media":0,"comment_status":"open","ping_status":"open","sticky":false,"template":"","format":"standard","meta":{"footnotes":""},"categories":[6],"tags":[],"class_list":["post-94504","post","type-post","status-publish","format-standard","hentry","category-breaking-news"],"_links":{"self":[{"href":"https:\/\/www.giurgiuveanul.ro\/stiri\/wp-json\/wp\/v2\/posts\/94504","targetHints":{"allow":["GET"]}}],"collection":[{"href":"https:\/\/www.giurgiuveanul.ro\/stiri\/wp-json\/wp\/v2\/posts"}],"about":[{"href":"https:\/\/www.giurgiuveanul.ro\/stiri\/wp-json\/wp\/v2\/types\/post"}],"author":[{"embeddable":true,"href":"https:\/\/www.giurgiuveanul.ro\/stiri\/wp-json\/wp\/v2\/users\/1"}],"replies":[{"embeddable":true,"href":"https:\/\/www.giurgiuveanul.ro\/stiri\/wp-json\/wp\/v2\/comments?post=94504"}],"version-history":[{"count":0,"href":"https:\/\/www.giurgiuveanul.ro\/stiri\/wp-json\/wp\/v2\/posts\/94504\/revisions"}],"wp:attachment":[{"href":"https:\/\/www.giurgiuveanul.ro\/stiri\/wp-json\/wp\/v2\/media?parent=94504"}],"wp:term":[{"taxonomy":"category","embeddable":true,"href":"https:\/\/www.giurgiuveanul.ro\/stiri\/wp-json\/wp\/v2\/categories?post=94504"},{"taxonomy":"post_tag","embeddable":true,"href":"https:\/\/www.giurgiuveanul.ro\/stiri\/wp-json\/wp\/v2\/tags?post=94504"}],"curies":[{"name":"wp","href":"https:\/\/api.w.org\/{rel}","templated":true}]}}