{"id":94507,"date":"2022-12-31T12:59:30","date_gmt":"2022-12-31T10:59:30","guid":{"rendered":"https:\/\/www.giurgiuveanul.ro\/stiri\/?p=94507"},"modified":"2022-12-31T12:59:30","modified_gmt":"2022-12-31T10:59:30","slug":"deputatul-cristina-elena-dinu-mesaj-de-anul-nou","status":"publish","type":"post","link":"https:\/\/www.giurgiuveanul.ro\/stiri\/deputatul-cristina-elena-dinu-mesaj-de-anul-nou\/","title":{"rendered":"Deputatul Cristina-Elena Dinu, mesaj de Anul Nou!"},"content":{"rendered":"<p><a href=\"https:\/\/www.giurgiuveanul.ro\/stiri\/wp-content\/uploads\/2022\/12\/elena-dinu.jpeg\"><img loading=\"lazy\" decoding=\"async\" class=\"aligncenter  wp-image-94508\" src=\"https:\/\/www.giurgiuveanul.ro\/stiri\/wp-content\/uploads\/2022\/12\/elena-dinu-560x381.jpeg\" alt=\"\" width=\"588\" height=\"400\" srcset=\"https:\/\/www.giurgiuveanul.ro\/stiri\/wp-content\/uploads\/2022\/12\/elena-dinu-560x381.jpeg 560w, https:\/\/www.giurgiuveanul.ro\/stiri\/wp-content\/uploads\/2022\/12\/elena-dinu-250x170.jpeg 250w, https:\/\/www.giurgiuveanul.ro\/stiri\/wp-content\/uploads\/2022\/12\/elena-dinu-768x523.jpeg 768w, https:\/\/www.giurgiuveanul.ro\/stiri\/wp-content\/uploads\/2022\/12\/elena-dinu-400x272.jpeg 400w, https:\/\/www.giurgiuveanul.ro\/stiri\/wp-content\/uploads\/2022\/12\/elena-dinu.jpeg 1468w\" sizes=\"auto, (max-width: 588px) 100vw, 588px\" \/><\/a>Finalul de an este \u00eentotdeauna prilej de<!--more--> bilan\u0163, dar \u015fi momentul \u00een care ne g\u00e2ndim la ce ne-am dori s\u0103 facem \u00een anul care urmeaz\u0103.<\/p>\n<p>Sper ca tot ceea ce se afl\u0103 pe lista fiec\u0103ruia dintre voi, pentru anul urm\u0103tor, s\u0103 se realizeze!<\/p>\n<p>Anul 2023 s\u0103 v\u0103 aduc\u0103 \u00eemplinire, voie bun\u0103, iubire, recuno\u015ftin\u0163\u0103, bun\u0103stare \u015fi \u00een\u0163elegere. S\u0103 g\u0103si\u0163i mereu motiva\u0163ia de a v\u0103 \u00eendeplini visurile \u015fi s\u0103 v\u0103 bucura\u0163i de privilegiul de a fi l\u00e2ng\u0103 cei dragi!<\/p>\n<p>S\u0103 dea Dumnezeu s\u0103 fim cu to\u0163ii s\u0103n\u0103to\u015fi \u015fi s\u0103 avem un An Nou plin de realiz\u0103ri!<\/p>\n<p>La Mul\u0163i Ani!<\/p>\n<p>&nbsp;<\/p>\n<p style=\"text-align: center;\"><strong>Cristina-Elena Dinu,<\/strong><\/p>\n<p style=\"text-align: center;\">Deputat PSD de Giurgiu<\/p>\n","protected":false},"excerpt":{"rendered":"<p>Finalul de an este \u00eentotdeauna prilej de<\/p>\n","protected":false},"author":1,"featured_media":0,"comment_status":"open","ping_status":"open","sticky":false,"template":"","format":"standard","meta":{"footnotes":""},"categories":[6],"tags":[],"class_list":["post-94507","post","type-post","status-publish","format-standard","hentry","category-breaking-news"],"_links":{"self":[{"href":"https:\/\/www.giurgiuveanul.ro\/stiri\/wp-json\/wp\/v2\/posts\/94507","targetHints":{"allow":["GET"]}}],"collection":[{"href":"https:\/\/www.giurgiuveanul.ro\/stiri\/wp-json\/wp\/v2\/posts"}],"about":[{"href":"https:\/\/www.giurgiuveanul.ro\/stiri\/wp-json\/wp\/v2\/types\/post"}],"author":[{"embeddable":true,"href":"https:\/\/www.giurgiuveanul.ro\/stiri\/wp-json\/wp\/v2\/users\/1"}],"replies":[{"embeddable":true,"href":"https:\/\/www.giurgiuveanul.ro\/stiri\/wp-json\/wp\/v2\/comments?post=94507"}],"version-history":[{"count":0,"href":"https:\/\/www.giurgiuveanul.ro\/stiri\/wp-json\/wp\/v2\/posts\/94507\/revisions"}],"wp:attachment":[{"href":"https:\/\/www.giurgiuveanul.ro\/stiri\/wp-json\/wp\/v2\/media?parent=94507"}],"wp:term":[{"taxonomy":"category","embeddable":true,"href":"https:\/\/www.giurgiuveanul.ro\/stiri\/wp-json\/wp\/v2\/categories?post=94507"},{"taxonomy":"post_tag","embeddable":true,"href":"https:\/\/www.giurgiuveanul.ro\/stiri\/wp-json\/wp\/v2\/tags?post=94507"}],"curies":[{"name":"wp","href":"https:\/\/api.w.org\/{rel}","templated":true}]}}