{"id":94510,"date":"2022-12-31T13:05:21","date_gmt":"2022-12-31T11:05:21","guid":{"rendered":"https:\/\/www.giurgiuveanul.ro\/stiri\/?p=94510"},"modified":"2022-12-31T13:05:56","modified_gmt":"2022-12-31T11:05:56","slug":"senatorul-robert-cazanciuc-mesaj-de-anul-nou","status":"publish","type":"post","link":"https:\/\/www.giurgiuveanul.ro\/stiri\/senatorul-robert-cazanciuc-mesaj-de-anul-nou\/","title":{"rendered":"Senatorul Robert Cazanciuc, mesaj de Anul Nou!"},"content":{"rendered":"<p style=\"text-align: justify;\"><a href=\"https:\/\/www.giurgiuveanul.ro\/stiri\/wp-content\/uploads\/2022\/12\/cazanciuc-robert.jpg\"><img loading=\"lazy\" decoding=\"async\" class=\"aligncenter wp-image-94511\" src=\"https:\/\/www.giurgiuveanul.ro\/stiri\/wp-content\/uploads\/2022\/12\/cazanciuc-robert-456x450.jpg\" alt=\"\" width=\"584\" height=\"576\" srcset=\"https:\/\/www.giurgiuveanul.ro\/stiri\/wp-content\/uploads\/2022\/12\/cazanciuc-robert-456x450.jpg 456w, https:\/\/www.giurgiuveanul.ro\/stiri\/wp-content\/uploads\/2022\/12\/cazanciuc-robert-250x247.jpg 250w, https:\/\/www.giurgiuveanul.ro\/stiri\/wp-content\/uploads\/2022\/12\/cazanciuc-robert-768x758.jpg 768w, https:\/\/www.giurgiuveanul.ro\/stiri\/wp-content\/uploads\/2022\/12\/cazanciuc-robert-400x395.jpg 400w, https:\/\/www.giurgiuveanul.ro\/stiri\/wp-content\/uploads\/2022\/12\/cazanciuc-robert.jpg 900w\" sizes=\"auto, (max-width: 584px) 100vw, 584px\" \/><\/a>Cu trenul, de la Gara de Nord la Giurgiu \u00een anul 2022<!--more--><\/p>\n<p style=\"text-align: justify;\">\u00cen urm\u0103 cu doi ani, m\u0103 poart\u0103 drumurile giurgiuvene la ceea ce fusese podul de cale ferat\u0103 de la Gr\u0103di\u0219tea.<\/p>\n<p style=\"text-align: justify;\">\u00cemi aduc aminte c\u0103 am g\u0103sit un pu\u0219ti care p\u0103\u0219tea c\u00e2teva oi printre mormanele de fiare \u0219i beton, m\u0103rturie a for\u021bei distructive sau d\u0103t\u0103toare de via\u021b\u0103 a naturii, care poate spulbera construc\u021bii m\u0103re\u021be realizate de om, pentru ca apoi s\u0103 fac\u0103 loc unei vegeta\u021bii preg\u0103tite s\u0103 ascund\u0103 urmele primei c\u0103i ferate din Rom\u00e2nia, inaugurat\u0103 de Carol I \u00een anul 1869.<\/p>\n<p style=\"text-align: justify;\">Aflu c\u0103, de\u0219i podul de piatr\u0103 s-a dar\u00e2mat, a venit apa \u0219i l-a luat (exact ca \u00een c\u00e2ntecul de copii) \u00een anul 2005, trenul de Giurgiu n-a renun\u021bat la misiunea lui \u0219i a g\u0103sit un alt drum. Mi-am propus atunci s\u0103 fac o c\u0103l\u0103torie care s\u0103 m\u0103 ajute s\u0103 \u00een\u021beleg abilitatea noastr\u0103 de a face lucrurile \u201cs\u0103 mearg\u0103 \u0219i a\u0219a\u201d.<\/p>\n<p style=\"text-align: justify;\">Nu am g\u0103sit nici r\u0103gazul \u0219i nici vreun coleg care s\u0103 m\u0103 \u00eenso\u021beasc\u0103 pentru a mai sporov\u0103i pe drum, dispus s\u0103 \u00een\u021beleag\u0103 de ce vreau s\u0103 renun\u021b la drumul cu ma\u0219ina, care ar dura o or\u0103, \u0219i s\u0103 iau un tren care s\u0103 fac\u0103&#8230; trei ore.<\/p>\n<p style=\"text-align: justify;\">O anun\u021bat\u0103 vizit\u0103 a ministrului transporturilor la Giurgiu m\u0103 trimite repede la casa de bilete din Gara de Nord. Atmosfera era a\u0219a cum o \u0219tiam din studen\u021bie: forfot\u0103 mare la ghi\u0219ee, adic\u0103 ni\u0219te cozi s\u0103n\u0103toase, semn c\u0103 trenul redevine prietenul c\u0103l\u0103torilor. Nu mai am timpul de atunci, a\u0219a c\u0103 \u00eencerc s\u0103 profit de c\u00e2teva automate pentru bilete, unde se pl\u0103tea cu cardul.<\/p>\n<p style=\"text-align: justify;\">O doamn\u0103 dr\u0103gu\u021b\u0103 \u00een uniforma CFR m\u0103 vede cum \u00eemi prind degetele \u00een traseul de urmat, \u0219i se ofer\u0103 s\u0103 m\u0103 ajute: dou\u0103 ore cu rapidul de Sofia, prin Videle, trei ore \u0219i dou\u0103zeci de minute cu personalul, tot prin VideIe. Mi se pare c\u0103 ceva nu e \u00een regul\u0103 cu geografia, a\u0219a c\u0103 o rog s\u0103 m\u0103 a\u0219tepte s\u0103 verific la ghi\u0219eul de informa\u021bii traseul c\u0103tre Giurgiu, nu c\u0103tre Belgrad.<\/p>\n<p style=\"text-align: justify;\">Pleac\u0103 de la linia 11, sose\u0219te la linia 4, se aude \u00een mijlocul g\u0103rii, indic\u00e2ndu-mi f\u0103r\u0103 dubiu locul unde se pun \u00eentreb\u0103ri despre mersul trenurilor, acela\u0219i dintotdeauna.<\/p>\n<p style=\"text-align: justify;\">&#8211; S\u0103rut-m\u00e2na, un tren c\u0103tre Giurgu m\u00e2ine diminea\u021b\u0103? Dou\u0103 clic-uri \u0219i un r\u0103spuns scurt: 4:40!<\/p>\n<p style=\"text-align: justify;\">-M\u0103 omor\u00e2\u021bi, mai t\u00e2rziu pu\u021bin!?<\/p>\n<p style=\"text-align: justify;\">-Rapidul sau personalul, m\u0103 \u00eentreab\u0103 z\u00eembind!<\/p>\n<p style=\"text-align: justify;\">-E vreunul direct?<\/p>\n<p style=\"text-align: justify;\">-C\u0103tre Giurgiu, nu, prin Videle!<\/p>\n<p style=\"text-align: justify;\">Obi\u0219nuit\u0103 cu pis\u0103logi ca mine, mai r\u0103spunde c\u00e2torva \u00eentreb\u0103ri puse peste um\u0103rul meu de c\u0103tre cei mai gr\u0103bi\u021bi.<\/p>\n<p style=\"text-align: justify;\">Insist s\u0103 aflu totu\u0219i dac\u0103 este vreun tren care opre\u0219te prin judet, pe undeva, \u0219i o rog s\u0103 m\u0103 lase s\u0103 fac o poz\u0103 ecranului calculatorului. Pentru c\u0103 nu se vede bine prin geam, \u00eemi ia calm\u0103 telefonul \u0219i \u00eemi face cu dexteritate pozele l\u0103muritoare. Mul\u021bumesc \u00eenc\u0103 o dat\u0103 pentru r\u0103bdare \u0219i m\u0103 \u00eentorc la automatul de emis bilete.<\/p>\n<p style=\"text-align: justify;\">-A\u021bi revenit la mine, spune mul\u021bumit\u0103 asistenta pu\u021binilor c\u0103l\u0103tori care nu se descurcau. Ridic din umeri c\u0103 nu am de ales \u0219i selectez trenul de 11.45, cu oprire \u00een toate sta\u021biile.<\/p>\n<p style=\"text-align: justify;\">A doua zi, de team\u0103 s\u0103 nu apar\u0103 ceva neprev\u0103zut, vin mai devreme \u00een gar\u0103. \u00cemi cump\u0103r cu 4 lei bucata fo\u0219tii covrigi de 1 leu, o ap\u0103, o revist\u0103 \u0219i fuga la peron. Nu mai g\u0103sesc compartimentele de 8 locuri de alt\u0103 dat\u0103, ci un vagon modern, \u201copen space\u201d, aproape plin de oameni \u00eentre dou\u0103 v\u00e2rste, \u00eembr\u0103ca\u021bi \u00eengrijit, mul\u021bumi\u021bi parc\u0103 de vizita \u00een Capital\u0103 sau bucuro\u0219i c\u0103 merg s\u0103 \u00eei revad\u0103 pe cei dragi. Cum toat\u0103 lumea are bagaje, ne ajut\u0103m unii pe al\u021bii s\u0103 ne a\u0219ez\u0103m pl\u0103cut pentru c\u0103l\u0103torie.<\/p>\n<p style=\"text-align: justify;\">Trenul pleac\u0103 la timp, dar, p\u00e2n\u0103 s\u0103 ias\u0103 din Bucuresti, se opre\u0219te de trei ori \u00een halte al c\u0103ror rost nu \u00eel \u00een\u021beleg, din moment ce nimeni nu urc\u0103 sau coboar\u0103.<\/p>\n<p style=\"text-align: justify;\">C\u00e2teva doamne elegante cu p\u0103rul alb se distreaz\u0103 de minune pe locurile de l\u00e2ng\u0103 mine.\u00a0 Marius, care s-a bucurat s\u0103 m\u0103 \u00eenso\u021beasc\u0103, nu pierde ocazia de a socializa.<\/p>\n<p style=\"text-align: justify;\">-Am v\u0103zut c\u0103 a\u021bi ar\u0103tat controlorului ni\u0219te legitima\u021bii, unde sunte\u021bi studente?<\/p>\n<p style=\"text-align: justify;\">Spre surprinderea mea, nu zboar\u0103 nimic c\u0103tre el, iar doamnele \u00eei intr\u0103 \u00een joc. Pu\u021bin invidios \u00eemi trag \u0219apca mai bine pe cap \u0219i m\u0103 apuc s\u0103 scriu ceva. Un vecin curios m\u0103 oblig\u0103 s\u0103 am aten\u021bie distributiv\u0103, s\u0103 nu fac gre\u0219eli de scriere, \u0219i mai ales s\u0103 nu ratez cobor\u00e2rea la Videle, pentru leg\u0103tura cu Giurgiu!<\/p>\n<p style=\"text-align: justify;\">Va urma!<\/p>\n<p style=\"text-align: justify;\">PS: Le urez tuturor giurgiuvenilor s\u0103 aib\u0103 parte de un an nou frumos \u0219i s\u0103n\u0103tos \u00een care dorin\u021bele lor s\u0103 se poat\u0103 \u00eemplini f\u0103r\u0103 zbuciumul ultimilor doi ani! Sunt convins c\u0103 anul viitor Rom\u00e2nia va fi un loc \u0219i mai bun pentru noi to\u021bi care ne dorim s\u0103 tr\u0103im \u00een pace \u0219i armonie!<\/p>\n<p style=\"text-align: justify;\">PS1: Ur\u0103rile merg desigur \u0219i c\u0103tre cei care au avut r\u0103bdarea s\u0103 citeasc\u0103 acest text!<\/p>\n<p style=\"text-align: center;\"><strong>Robert Cazanciuc,<\/strong><\/p>\n<p style=\"text-align: center;\">Senator PSD de Giurgiu<\/p>\n","protected":false},"excerpt":{"rendered":"<p>Cu trenul, de la Gara de Nord la Giurgiu \u00een anul 2022<\/p>\n","protected":false},"author":1,"featured_media":0,"comment_status":"open","ping_status":"open","sticky":false,"template":"","format":"standard","meta":{"footnotes":""},"categories":[6],"tags":[],"class_list":["post-94510","post","type-post","status-publish","format-standard","hentry","category-breaking-news"],"_links":{"self":[{"href":"https:\/\/www.giurgiuveanul.ro\/stiri\/wp-json\/wp\/v2\/posts\/94510","targetHints":{"allow":["GET"]}}],"collection":[{"href":"https:\/\/www.giurgiuveanul.ro\/stiri\/wp-json\/wp\/v2\/posts"}],"about":[{"href":"https:\/\/www.giurgiuveanul.ro\/stiri\/wp-json\/wp\/v2\/types\/post"}],"author":[{"embeddable":true,"href":"https:\/\/www.giurgiuveanul.ro\/stiri\/wp-json\/wp\/v2\/users\/1"}],"replies":[{"embeddable":true,"href":"https:\/\/www.giurgiuveanul.ro\/stiri\/wp-json\/wp\/v2\/comments?post=94510"}],"version-history":[{"count":0,"href":"https:\/\/www.giurgiuveanul.ro\/stiri\/wp-json\/wp\/v2\/posts\/94510\/revisions"}],"wp:attachment":[{"href":"https:\/\/www.giurgiuveanul.ro\/stiri\/wp-json\/wp\/v2\/media?parent=94510"}],"wp:term":[{"taxonomy":"category","embeddable":true,"href":"https:\/\/www.giurgiuveanul.ro\/stiri\/wp-json\/wp\/v2\/categories?post=94510"},{"taxonomy":"post_tag","embeddable":true,"href":"https:\/\/www.giurgiuveanul.ro\/stiri\/wp-json\/wp\/v2\/tags?post=94510"}],"curies":[{"name":"wp","href":"https:\/\/api.w.org\/{rel}","templated":true}]}}