{"id":94516,"date":"2022-12-31T13:16:41","date_gmt":"2022-12-31T11:16:41","guid":{"rendered":"https:\/\/www.giurgiuveanul.ro\/stiri\/?p=94516"},"modified":"2022-12-31T13:16:41","modified_gmt":"2022-12-31T11:16:41","slug":"presedintele-pnl-giurgiu-europarlamentarul-dan-motreanu-mesaj-de-anul-nou","status":"publish","type":"post","link":"https:\/\/www.giurgiuveanul.ro\/stiri\/presedintele-pnl-giurgiu-europarlamentarul-dan-motreanu-mesaj-de-anul-nou\/","title":{"rendered":"Pre\u015fedintele PNL Giurgiu, europarlamentarul Dan Motreanu, mesaj de Anul Nou!"},"content":{"rendered":"<p style=\"text-align: justify;\"><a href=\"https:\/\/www.giurgiuveanul.ro\/stiri\/wp-content\/uploads\/2022\/12\/283757688_435121198423903_8702912458775177909_n.jpg\"><img loading=\"lazy\" decoding=\"async\" class=\"aligncenter  wp-image-94322\" src=\"https:\/\/www.giurgiuveanul.ro\/stiri\/wp-content\/uploads\/2022\/12\/283757688_435121198423903_8702912458775177909_n-450x450.jpg\" alt=\"\" width=\"584\" height=\"584\" srcset=\"https:\/\/www.giurgiuveanul.ro\/stiri\/wp-content\/uploads\/2022\/12\/283757688_435121198423903_8702912458775177909_n-450x450.jpg 450w, https:\/\/www.giurgiuveanul.ro\/stiri\/wp-content\/uploads\/2022\/12\/283757688_435121198423903_8702912458775177909_n-250x250.jpg 250w, https:\/\/www.giurgiuveanul.ro\/stiri\/wp-content\/uploads\/2022\/12\/283757688_435121198423903_8702912458775177909_n-768x769.jpg 768w, https:\/\/www.giurgiuveanul.ro\/stiri\/wp-content\/uploads\/2022\/12\/283757688_435121198423903_8702912458775177909_n-200x200.jpg 200w, https:\/\/www.giurgiuveanul.ro\/stiri\/wp-content\/uploads\/2022\/12\/283757688_435121198423903_8702912458775177909_n-400x400.jpg 400w, https:\/\/www.giurgiuveanul.ro\/stiri\/wp-content\/uploads\/2022\/12\/283757688_435121198423903_8702912458775177909_n.jpg 959w\" sizes=\"auto, (max-width: 584px) 100vw, 584px\" \/><\/a>Anul Nou s\u0103 ne aduc\u0103<!--more--> speran\u0163\u0103, credin\u0163a \u015fi optimismul c\u0103 putem s\u0103 ne facem via\u0163a mai bun\u0103 \u015fi zilele mai frumoase. S\u0103 avem parte de multe bucurii, inspira\u0163ie \u015fi mult spor \u00een tot ceea ce facem.<\/p>\n<p style=\"text-align: justify;\">Doresc tuturor un an mai prosper, cu zile senine, cu evenimente pl\u0103cute, bucurii \u015fi multe ve\u015fti bune.<\/p>\n<p style=\"text-align: justify;\">La Mul\u0163i Ani!<\/p>\n<p style=\"text-align: center;\"><strong>Europarlamentar Dan Motreanu,<\/strong><\/p>\n<p style=\"text-align: center;\">Pre\u015fedinte PNL Giurgiu<\/p>\n","protected":false},"excerpt":{"rendered":"<p>Anul Nou s\u0103 ne aduc\u0103<\/p>\n","protected":false},"author":1,"featured_media":0,"comment_status":"open","ping_status":"open","sticky":false,"template":"","format":"standard","meta":{"footnotes":""},"categories":[6],"tags":[],"class_list":["post-94516","post","type-post","status-publish","format-standard","hentry","category-breaking-news"],"_links":{"self":[{"href":"https:\/\/www.giurgiuveanul.ro\/stiri\/wp-json\/wp\/v2\/posts\/94516","targetHints":{"allow":["GET"]}}],"collection":[{"href":"https:\/\/www.giurgiuveanul.ro\/stiri\/wp-json\/wp\/v2\/posts"}],"about":[{"href":"https:\/\/www.giurgiuveanul.ro\/stiri\/wp-json\/wp\/v2\/types\/post"}],"author":[{"embeddable":true,"href":"https:\/\/www.giurgiuveanul.ro\/stiri\/wp-json\/wp\/v2\/users\/1"}],"replies":[{"embeddable":true,"href":"https:\/\/www.giurgiuveanul.ro\/stiri\/wp-json\/wp\/v2\/comments?post=94516"}],"version-history":[{"count":0,"href":"https:\/\/www.giurgiuveanul.ro\/stiri\/wp-json\/wp\/v2\/posts\/94516\/revisions"}],"wp:attachment":[{"href":"https:\/\/www.giurgiuveanul.ro\/stiri\/wp-json\/wp\/v2\/media?parent=94516"}],"wp:term":[{"taxonomy":"category","embeddable":true,"href":"https:\/\/www.giurgiuveanul.ro\/stiri\/wp-json\/wp\/v2\/categories?post=94516"},{"taxonomy":"post_tag","embeddable":true,"href":"https:\/\/www.giurgiuveanul.ro\/stiri\/wp-json\/wp\/v2\/tags?post=94516"}],"curies":[{"name":"wp","href":"https:\/\/api.w.org\/{rel}","templated":true}]}}