{"id":94524,"date":"2022-12-31T13:41:57","date_gmt":"2022-12-31T11:41:57","guid":{"rendered":"https:\/\/www.giurgiuveanul.ro\/stiri\/?p=94524"},"modified":"2022-12-31T13:42:20","modified_gmt":"2022-12-31T11:42:20","slug":"presedintele-consiliului-judetean-giurgiu-dumitru-beianu-mesaj-de-anul-nou","status":"publish","type":"post","link":"https:\/\/www.giurgiuveanul.ro\/stiri\/presedintele-consiliului-judetean-giurgiu-dumitru-beianu-mesaj-de-anul-nou\/","title":{"rendered":"Pre\u015fedintele Consiliului Jude\u0163ean Giurgiu, Dumitru Beianu, mesaj de Anul Nou!"},"content":{"rendered":"<p style=\"text-align: justify;\"><a href=\"https:\/\/www.giurgiuveanul.ro\/stiri\/wp-content\/uploads\/2022\/12\/IMG_0689.jpg\"><img loading=\"lazy\" decoding=\"async\" class=\"aligncenter wp-image-94351\" src=\"https:\/\/www.giurgiuveanul.ro\/stiri\/wp-content\/uploads\/2022\/12\/IMG_0689-480x450.jpg\" alt=\"\" width=\"579\" height=\"543\" srcset=\"https:\/\/www.giurgiuveanul.ro\/stiri\/wp-content\/uploads\/2022\/12\/IMG_0689-480x450.jpg 480w, https:\/\/www.giurgiuveanul.ro\/stiri\/wp-content\/uploads\/2022\/12\/IMG_0689-250x234.jpg 250w, https:\/\/www.giurgiuveanul.ro\/stiri\/wp-content\/uploads\/2022\/12\/IMG_0689-768x720.jpg 768w, https:\/\/www.giurgiuveanul.ro\/stiri\/wp-content\/uploads\/2022\/12\/IMG_0689-400x375.jpg 400w, https:\/\/www.giurgiuveanul.ro\/stiri\/wp-content\/uploads\/2022\/12\/IMG_0689.jpg 900w\" sizes=\"auto, (max-width: 579px) 100vw, 579px\" \/><\/a>Dragi giurgiuveni!<!--more--><\/p>\n<p style=\"text-align: justify;\">V\u0103 doresc tuturor s\u0103 ave\u021bi parte de lini\u015fte sufleteasc\u0103, de mai pu\u021bine nelini\u015fti \u015fi mai mai multe bucurii! S\u0103 ave\u021bi dorin\u021be \u00eemplinite, \u00eencrederea \u015fi puterea de a le \u00eemplini!<\/p>\n<p style=\"text-align: justify;\">La Mul\u021bi Ani \u015fi un 2023 cu s\u0103n\u0103tate!<\/p>\n<p>&nbsp;<\/p>\n<p style=\"text-align: center;\"><strong>Dumitru Beianu,<\/strong><\/p>\n<p style=\"text-align: center;\">Pre\u015fedinte Consiliul Jude\u0163ean Giurgiu<\/p>\n","protected":false},"excerpt":{"rendered":"<p>Dragi giurgiuveni!<\/p>\n","protected":false},"author":1,"featured_media":0,"comment_status":"open","ping_status":"open","sticky":false,"template":"","format":"standard","meta":{"footnotes":""},"categories":[6],"tags":[],"class_list":["post-94524","post","type-post","status-publish","format-standard","hentry","category-breaking-news"],"_links":{"self":[{"href":"https:\/\/www.giurgiuveanul.ro\/stiri\/wp-json\/wp\/v2\/posts\/94524","targetHints":{"allow":["GET"]}}],"collection":[{"href":"https:\/\/www.giurgiuveanul.ro\/stiri\/wp-json\/wp\/v2\/posts"}],"about":[{"href":"https:\/\/www.giurgiuveanul.ro\/stiri\/wp-json\/wp\/v2\/types\/post"}],"author":[{"embeddable":true,"href":"https:\/\/www.giurgiuveanul.ro\/stiri\/wp-json\/wp\/v2\/users\/1"}],"replies":[{"embeddable":true,"href":"https:\/\/www.giurgiuveanul.ro\/stiri\/wp-json\/wp\/v2\/comments?post=94524"}],"version-history":[{"count":0,"href":"https:\/\/www.giurgiuveanul.ro\/stiri\/wp-json\/wp\/v2\/posts\/94524\/revisions"}],"wp:attachment":[{"href":"https:\/\/www.giurgiuveanul.ro\/stiri\/wp-json\/wp\/v2\/media?parent=94524"}],"wp:term":[{"taxonomy":"category","embeddable":true,"href":"https:\/\/www.giurgiuveanul.ro\/stiri\/wp-json\/wp\/v2\/categories?post=94524"},{"taxonomy":"post_tag","embeddable":true,"href":"https:\/\/www.giurgiuveanul.ro\/stiri\/wp-json\/wp\/v2\/tags?post=94524"}],"curies":[{"name":"wp","href":"https:\/\/api.w.org\/{rel}","templated":true}]}}