{"id":94528,"date":"2022-12-31T13:49:44","date_gmt":"2022-12-31T11:49:44","guid":{"rendered":"https:\/\/www.giurgiuveanul.ro\/stiri\/?p=94528"},"modified":"2022-12-31T13:49:56","modified_gmt":"2022-12-31T11:49:56","slug":"vicepresedintele-consiliului-judetean-giurgiu-elisabeta-mihalcea-mesaj-de-anul-nou","status":"publish","type":"post","link":"https:\/\/www.giurgiuveanul.ro\/stiri\/vicepresedintele-consiliului-judetean-giurgiu-elisabeta-mihalcea-mesaj-de-anul-nou\/","title":{"rendered":"Vicepre\u015fedintele Consiliului Jude\u0163ean Giurgiu, Elisabeta Mihalcea, mesaj de Anul Nou!"},"content":{"rendered":"<p><a href=\"https:\/\/www.giurgiuveanul.ro\/stiri\/wp-content\/uploads\/2022\/12\/WhatsApp-Image-2022-12-29-at-17.34.55.jpeg\"><img loading=\"lazy\" decoding=\"async\" class=\"aligncenter wp-image-94529\" src=\"https:\/\/www.giurgiuveanul.ro\/stiri\/wp-content\/uploads\/2022\/12\/WhatsApp-Image-2022-12-29-at-17.34.55-326x450.jpeg\" alt=\"\" width=\"580\" height=\"800\" srcset=\"https:\/\/www.giurgiuveanul.ro\/stiri\/wp-content\/uploads\/2022\/12\/WhatsApp-Image-2022-12-29-at-17.34.55-326x450.jpeg 326w, https:\/\/www.giurgiuveanul.ro\/stiri\/wp-content\/uploads\/2022\/12\/WhatsApp-Image-2022-12-29-at-17.34.55-218x300.jpeg 218w, https:\/\/www.giurgiuveanul.ro\/stiri\/wp-content\/uploads\/2022\/12\/WhatsApp-Image-2022-12-29-at-17.34.55-768x1059.jpeg 768w, https:\/\/www.giurgiuveanul.ro\/stiri\/wp-content\/uploads\/2022\/12\/WhatsApp-Image-2022-12-29-at-17.34.55-1114x1536.jpeg 1114w, https:\/\/www.giurgiuveanul.ro\/stiri\/wp-content\/uploads\/2022\/12\/WhatsApp-Image-2022-12-29-at-17.34.55-400x552.jpeg 400w, https:\/\/www.giurgiuveanul.ro\/stiri\/wp-content\/uploads\/2022\/12\/WhatsApp-Image-2022-12-29-at-17.34.55.jpeg 1233w\" sizes=\"auto, (max-width: 580px) 100vw, 580px\" \/><\/a>Un an mai bogat \u00een<!--more--> \u00eempliniri, mai \u00eenalt \u00een aspira\u021bii \u0219i plin de succes.\u00a0 La mul\u021bi ani, giurgiuveni!<\/p>\n<p>&nbsp;<\/p>\n<p style=\"text-align: center;\"><strong>Elisabeta Mihalcea,<\/strong><\/p>\n<p style=\"text-align: center;\">Vicepre\u015fedinte Consiliul Jude\u0163ean Giurgiu<\/p>\n","protected":false},"excerpt":{"rendered":"<p>Un an mai bogat \u00een<\/p>\n","protected":false},"author":1,"featured_media":0,"comment_status":"open","ping_status":"open","sticky":false,"template":"","format":"standard","meta":{"footnotes":""},"categories":[6],"tags":[],"class_list":["post-94528","post","type-post","status-publish","format-standard","hentry","category-breaking-news"],"_links":{"self":[{"href":"https:\/\/www.giurgiuveanul.ro\/stiri\/wp-json\/wp\/v2\/posts\/94528","targetHints":{"allow":["GET"]}}],"collection":[{"href":"https:\/\/www.giurgiuveanul.ro\/stiri\/wp-json\/wp\/v2\/posts"}],"about":[{"href":"https:\/\/www.giurgiuveanul.ro\/stiri\/wp-json\/wp\/v2\/types\/post"}],"author":[{"embeddable":true,"href":"https:\/\/www.giurgiuveanul.ro\/stiri\/wp-json\/wp\/v2\/users\/1"}],"replies":[{"embeddable":true,"href":"https:\/\/www.giurgiuveanul.ro\/stiri\/wp-json\/wp\/v2\/comments?post=94528"}],"version-history":[{"count":0,"href":"https:\/\/www.giurgiuveanul.ro\/stiri\/wp-json\/wp\/v2\/posts\/94528\/revisions"}],"wp:attachment":[{"href":"https:\/\/www.giurgiuveanul.ro\/stiri\/wp-json\/wp\/v2\/media?parent=94528"}],"wp:term":[{"taxonomy":"category","embeddable":true,"href":"https:\/\/www.giurgiuveanul.ro\/stiri\/wp-json\/wp\/v2\/categories?post=94528"},{"taxonomy":"post_tag","embeddable":true,"href":"https:\/\/www.giurgiuveanul.ro\/stiri\/wp-json\/wp\/v2\/tags?post=94528"}],"curies":[{"name":"wp","href":"https:\/\/api.w.org\/{rel}","templated":true}]}}