{"id":94541,"date":"2022-12-31T14:06:36","date_gmt":"2022-12-31T12:06:36","guid":{"rendered":"https:\/\/www.giurgiuveanul.ro\/stiri\/?p=94541"},"modified":"2022-12-31T14:09:21","modified_gmt":"2022-12-31T12:09:21","slug":"subprefectul-judetului-giurgiu-ana-maria-voevozeanu-mesaj-de-anul-nou","status":"publish","type":"post","link":"https:\/\/www.giurgiuveanul.ro\/stiri\/subprefectul-judetului-giurgiu-ana-maria-voevozeanu-mesaj-de-anul-nou\/","title":{"rendered":"Subprefectul Jude\u0163ului Giurgiu, Ana Maria Voevozeanu, mesaj de Anul Nou!"},"content":{"rendered":"<p style=\"text-align: justify;\"><a href=\"https:\/\/www.giurgiuveanul.ro\/stiri\/wp-content\/uploads\/2022\/12\/1-8.jpg\"><img loading=\"lazy\" decoding=\"async\" class=\"aligncenter wp-image-94542\" src=\"https:\/\/www.giurgiuveanul.ro\/stiri\/wp-content\/uploads\/2022\/12\/1-8-459x450.jpg\" alt=\"\" width=\"585\" height=\"574\" srcset=\"https:\/\/www.giurgiuveanul.ro\/stiri\/wp-content\/uploads\/2022\/12\/1-8-459x450.jpg 459w, https:\/\/www.giurgiuveanul.ro\/stiri\/wp-content\/uploads\/2022\/12\/1-8-250x245.jpg 250w, https:\/\/www.giurgiuveanul.ro\/stiri\/wp-content\/uploads\/2022\/12\/1-8-768x753.jpg 768w, https:\/\/www.giurgiuveanul.ro\/stiri\/wp-content\/uploads\/2022\/12\/1-8-1536x1507.jpg 1536w, https:\/\/www.giurgiuveanul.ro\/stiri\/wp-content\/uploads\/2022\/12\/1-8-400x392.jpg 400w, https:\/\/www.giurgiuveanul.ro\/stiri\/wp-content\/uploads\/2022\/12\/1-8.jpg 2048w\" sizes=\"auto, (max-width: 585px) 100vw, 585px\" \/><\/a>Noul An s\u0103 v\u0103 g\u0103seasc\u0103 al\u0103turi de <!--more-->prieteni dragi, cu g\u00e2nduri bune \u015fi s\u0103 v\u0103 rezerve cele mai \u00eenalte realiz\u0103ri!<\/p>\n<p style=\"text-align: justify;\">S\u0103 ave\u0163i un An Nou cu bucurii autentice, cu s\u0103n\u0103tate \u015fi \u00eempliniri pe toate planurile!<\/p>\n<p style=\"text-align: justify;\">La mul\u021bi ani bucuro\u0219i \u0219i s\u0103n\u0103to\u0219i, dragi giurgiuveni!<\/p>\n<p>&nbsp;<\/p>\n<p style=\"text-align: center;\"><strong>Ana Maria Voevozeanu,<\/strong><\/p>\n<p style=\"text-align: center;\">Subprefect Institu\u0163a Prefectului Jude\u0163ului Giurgiu<\/p>\n","protected":false},"excerpt":{"rendered":"<p>Noul An s\u0103 v\u0103 g\u0103seasc\u0103 al\u0103turi de<\/p>\n","protected":false},"author":1,"featured_media":0,"comment_status":"open","ping_status":"open","sticky":false,"template":"","format":"standard","meta":{"footnotes":""},"categories":[6],"tags":[],"class_list":["post-94541","post","type-post","status-publish","format-standard","hentry","category-breaking-news"],"_links":{"self":[{"href":"https:\/\/www.giurgiuveanul.ro\/stiri\/wp-json\/wp\/v2\/posts\/94541","targetHints":{"allow":["GET"]}}],"collection":[{"href":"https:\/\/www.giurgiuveanul.ro\/stiri\/wp-json\/wp\/v2\/posts"}],"about":[{"href":"https:\/\/www.giurgiuveanul.ro\/stiri\/wp-json\/wp\/v2\/types\/post"}],"author":[{"embeddable":true,"href":"https:\/\/www.giurgiuveanul.ro\/stiri\/wp-json\/wp\/v2\/users\/1"}],"replies":[{"embeddable":true,"href":"https:\/\/www.giurgiuveanul.ro\/stiri\/wp-json\/wp\/v2\/comments?post=94541"}],"version-history":[{"count":0,"href":"https:\/\/www.giurgiuveanul.ro\/stiri\/wp-json\/wp\/v2\/posts\/94541\/revisions"}],"wp:attachment":[{"href":"https:\/\/www.giurgiuveanul.ro\/stiri\/wp-json\/wp\/v2\/media?parent=94541"}],"wp:term":[{"taxonomy":"category","embeddable":true,"href":"https:\/\/www.giurgiuveanul.ro\/stiri\/wp-json\/wp\/v2\/categories?post=94541"},{"taxonomy":"post_tag","embeddable":true,"href":"https:\/\/www.giurgiuveanul.ro\/stiri\/wp-json\/wp\/v2\/tags?post=94541"}],"curies":[{"name":"wp","href":"https:\/\/api.w.org\/{rel}","templated":true}]}}