{"id":94559,"date":"2023-01-01T11:02:00","date_gmt":"2023-01-01T09:02:00","guid":{"rendered":"https:\/\/www.giurgiuveanul.ro\/stiri\/?p=94559"},"modified":"2023-01-01T11:21:26","modified_gmt":"2023-01-01T09:21:26","slug":"primarul-municipiului-giurgiu-adrian-anghelescu-mesaj-de-anul-nou","status":"publish","type":"post","link":"https:\/\/www.giurgiuveanul.ro\/stiri\/primarul-municipiului-giurgiu-adrian-anghelescu-mesaj-de-anul-nou\/","title":{"rendered":"Primarul Municipiului Giurgiu, Adrian Anghelescu, mesaj de Anul Nou!"},"content":{"rendered":"<p style=\"text-align: justify;\"><a href=\"https:\/\/www.giurgiuveanul.ro\/stiri\/wp-content\/uploads\/2022\/12\/anghelescu.png\"><img loading=\"lazy\" decoding=\"async\" class=\"aligncenter wp-image-94360\" src=\"https:\/\/www.giurgiuveanul.ro\/stiri\/wp-content\/uploads\/2022\/12\/anghelescu-560x360.png\" alt=\"\" width=\"582\" height=\"374\" srcset=\"https:\/\/www.giurgiuveanul.ro\/stiri\/wp-content\/uploads\/2022\/12\/anghelescu-560x360.png 560w, https:\/\/www.giurgiuveanul.ro\/stiri\/wp-content\/uploads\/2022\/12\/anghelescu-250x161.png 250w, https:\/\/www.giurgiuveanul.ro\/stiri\/wp-content\/uploads\/2022\/12\/anghelescu-768x494.png 768w, https:\/\/www.giurgiuveanul.ro\/stiri\/wp-content\/uploads\/2022\/12\/anghelescu-400x257.png 400w, https:\/\/www.giurgiuveanul.ro\/stiri\/wp-content\/uploads\/2022\/12\/anghelescu.png 975w\" sizes=\"auto, (max-width: 582px) 100vw, 582px\" \/><\/a>Anul Nou<!--more--> reprezint\u0103 speran\u021b\u0103! S\u0103 ne bucur\u0103m sper\u00e2nd la pace, s\u0103n\u0103tate, la c\u00e2te un strop de lini\u0219te \u0219i senin sufletesc.<\/p>\n<p style=\"text-align: justify;\">S\u0103 iert\u0103m, s\u0103 uit\u0103m ce ne-ar putea \u00eentrista sufletul, s\u0103 d\u0103ruim pentru a putea primi, s\u0103 iubim pentru a fi ferici\u021bi!<\/p>\n<p style=\"text-align: justify;\">La mul\u021bi ani, Giurgiu!<\/p>\n<p style=\"text-align: justify;\">La mul\u021bi ani, dragi giurgiuveni!<\/p>\n<p style=\"text-align: justify;\">La mul\u021bi ani, 2023!<\/p>\n<p style=\"text-align: center;\"><strong>Adrian Anghelescu,<\/strong><\/p>\n<p style=\"text-align: center;\"><strong>Primarul Municipiului Giurgiu<\/strong><\/p>\n","protected":false},"excerpt":{"rendered":"<p>Anul Nou<\/p>\n","protected":false},"author":1,"featured_media":0,"comment_status":"open","ping_status":"open","sticky":false,"template":"","format":"standard","meta":{"footnotes":""},"categories":[6],"tags":[],"class_list":["post-94559","post","type-post","status-publish","format-standard","hentry","category-breaking-news"],"_links":{"self":[{"href":"https:\/\/www.giurgiuveanul.ro\/stiri\/wp-json\/wp\/v2\/posts\/94559","targetHints":{"allow":["GET"]}}],"collection":[{"href":"https:\/\/www.giurgiuveanul.ro\/stiri\/wp-json\/wp\/v2\/posts"}],"about":[{"href":"https:\/\/www.giurgiuveanul.ro\/stiri\/wp-json\/wp\/v2\/types\/post"}],"author":[{"embeddable":true,"href":"https:\/\/www.giurgiuveanul.ro\/stiri\/wp-json\/wp\/v2\/users\/1"}],"replies":[{"embeddable":true,"href":"https:\/\/www.giurgiuveanul.ro\/stiri\/wp-json\/wp\/v2\/comments?post=94559"}],"version-history":[{"count":0,"href":"https:\/\/www.giurgiuveanul.ro\/stiri\/wp-json\/wp\/v2\/posts\/94559\/revisions"}],"wp:attachment":[{"href":"https:\/\/www.giurgiuveanul.ro\/stiri\/wp-json\/wp\/v2\/media?parent=94559"}],"wp:term":[{"taxonomy":"category","embeddable":true,"href":"https:\/\/www.giurgiuveanul.ro\/stiri\/wp-json\/wp\/v2\/categories?post=94559"},{"taxonomy":"post_tag","embeddable":true,"href":"https:\/\/www.giurgiuveanul.ro\/stiri\/wp-json\/wp\/v2\/tags?post=94559"}],"curies":[{"name":"wp","href":"https:\/\/api.w.org\/{rel}","templated":true}]}}