{"id":94561,"date":"2023-01-01T11:16:48","date_gmt":"2023-01-01T09:16:48","guid":{"rendered":"https:\/\/www.giurgiuveanul.ro\/stiri\/?p=94561"},"modified":"2023-01-01T11:17:18","modified_gmt":"2023-01-01T09:17:18","slug":"primarul-orasului-mihailesti-mihai-dobre-mesaj-de-anul-nou","status":"publish","type":"post","link":"https:\/\/www.giurgiuveanul.ro\/stiri\/primarul-orasului-mihailesti-mihai-dobre-mesaj-de-anul-nou\/","title":{"rendered":"Primarul ora\u015fului Mih\u0103ile\u015fti, Mihai Dobre, mesaj de Anul Nou!"},"content":{"rendered":"<p style=\"text-align: justify;\"><a href=\"https:\/\/www.giurgiuveanul.ro\/stiri\/wp-content\/uploads\/2023\/01\/IMG_3330.jpg\"><img loading=\"lazy\" decoding=\"async\" class=\"aligncenter wp-image-94562\" src=\"https:\/\/www.giurgiuveanul.ro\/stiri\/wp-content\/uploads\/2023\/01\/IMG_3330-491x450.jpg\" alt=\"\" width=\"583\" height=\"534\" srcset=\"https:\/\/www.giurgiuveanul.ro\/stiri\/wp-content\/uploads\/2023\/01\/IMG_3330-491x450.jpg 491w, https:\/\/www.giurgiuveanul.ro\/stiri\/wp-content\/uploads\/2023\/01\/IMG_3330-250x229.jpg 250w, https:\/\/www.giurgiuveanul.ro\/stiri\/wp-content\/uploads\/2023\/01\/IMG_3330-768x703.jpg 768w, https:\/\/www.giurgiuveanul.ro\/stiri\/wp-content\/uploads\/2023\/01\/IMG_3330-400x366.jpg 400w, https:\/\/www.giurgiuveanul.ro\/stiri\/wp-content\/uploads\/2023\/01\/IMG_3330.jpg 1000w\" sizes=\"auto, (max-width: 583px) 100vw, 583px\" \/><\/a>V\u0103 doresc din suflet ca<!--more--> anul 2023 s\u0103 v\u0103 g\u0103seasc\u0103 al\u0103turi de cei dragi, s\u0103 fie pentru to\u021bi un an cu mai multe realiz\u0103ri pe toate planurile, s\u0103 v\u0103 aduc\u0103 s\u0103n\u0103tate, \u00eemplinire \u0219i puterea de a fi mai \u00eencrez\u0103tori, mai uni\u021bi \u0219i \u00een\u021beleg\u0103tori unii cu al\u021bii.<\/p>\n<p style=\"text-align: justify;\">La Mul\u021bi Ani \u0219i un An Nou fericit!<\/p>\n<p style=\"text-align: center;\"><strong>Mihai Dobre, <\/strong><\/p>\n<p style=\"text-align: center;\">Primarul ora\u015fului Mih\u0103ile\u015fti<\/p>\n","protected":false},"excerpt":{"rendered":"<p>V\u0103 doresc din suflet ca<\/p>\n","protected":false},"author":1,"featured_media":0,"comment_status":"open","ping_status":"open","sticky":false,"template":"","format":"standard","meta":{"footnotes":""},"categories":[6],"tags":[],"class_list":["post-94561","post","type-post","status-publish","format-standard","hentry","category-breaking-news"],"_links":{"self":[{"href":"https:\/\/www.giurgiuveanul.ro\/stiri\/wp-json\/wp\/v2\/posts\/94561","targetHints":{"allow":["GET"]}}],"collection":[{"href":"https:\/\/www.giurgiuveanul.ro\/stiri\/wp-json\/wp\/v2\/posts"}],"about":[{"href":"https:\/\/www.giurgiuveanul.ro\/stiri\/wp-json\/wp\/v2\/types\/post"}],"author":[{"embeddable":true,"href":"https:\/\/www.giurgiuveanul.ro\/stiri\/wp-json\/wp\/v2\/users\/1"}],"replies":[{"embeddable":true,"href":"https:\/\/www.giurgiuveanul.ro\/stiri\/wp-json\/wp\/v2\/comments?post=94561"}],"version-history":[{"count":0,"href":"https:\/\/www.giurgiuveanul.ro\/stiri\/wp-json\/wp\/v2\/posts\/94561\/revisions"}],"wp:attachment":[{"href":"https:\/\/www.giurgiuveanul.ro\/stiri\/wp-json\/wp\/v2\/media?parent=94561"}],"wp:term":[{"taxonomy":"category","embeddable":true,"href":"https:\/\/www.giurgiuveanul.ro\/stiri\/wp-json\/wp\/v2\/categories?post=94561"},{"taxonomy":"post_tag","embeddable":true,"href":"https:\/\/www.giurgiuveanul.ro\/stiri\/wp-json\/wp\/v2\/tags?post=94561"}],"curies":[{"name":"wp","href":"https:\/\/api.w.org\/{rel}","templated":true}]}}