{"id":94573,"date":"2023-01-01T11:44:15","date_gmt":"2023-01-01T09:44:15","guid":{"rendered":"https:\/\/www.giurgiuveanul.ro\/stiri\/?p=94573"},"modified":"2023-01-01T11:46:26","modified_gmt":"2023-01-01T09:46:26","slug":"primarul-comunei-oinacu-fabian-tirca-mesaj-de-anul-nou","status":"publish","type":"post","link":"https:\/\/www.giurgiuveanul.ro\/stiri\/primarul-comunei-oinacu-fabian-tirca-mesaj-de-anul-nou\/","title":{"rendered":"Primarul comunei Oinacu, Fabian \u0162\u00eerc\u0103, mesaj de Anul Nou!"},"content":{"rendered":"<p style=\"text-align: justify;\"><a href=\"https:\/\/www.giurgiuveanul.ro\/stiri\/wp-content\/uploads\/2023\/01\/fabian-tirca-oinacu.jpg\"><img loading=\"lazy\" decoding=\"async\" class=\"aligncenter wp-image-94577\" src=\"https:\/\/www.giurgiuveanul.ro\/stiri\/wp-content\/uploads\/2023\/01\/fabian-tirca-oinacu-523x450.jpg\" alt=\"\" width=\"581\" height=\"500\" srcset=\"https:\/\/www.giurgiuveanul.ro\/stiri\/wp-content\/uploads\/2023\/01\/fabian-tirca-oinacu-523x450.jpg 523w, https:\/\/www.giurgiuveanul.ro\/stiri\/wp-content\/uploads\/2023\/01\/fabian-tirca-oinacu-250x215.jpg 250w, https:\/\/www.giurgiuveanul.ro\/stiri\/wp-content\/uploads\/2023\/01\/fabian-tirca-oinacu-768x661.jpg 768w, https:\/\/www.giurgiuveanul.ro\/stiri\/wp-content\/uploads\/2023\/01\/fabian-tirca-oinacu-400x344.jpg 400w, https:\/\/www.giurgiuveanul.ro\/stiri\/wp-content\/uploads\/2023\/01\/fabian-tirca-oinacu.jpg 1214w\" sizes=\"auto, (max-width: 581px) 100vw, 581px\" \/><\/a>Ne afl\u0103m la<!--more--> debutul unui Nou An, motiv pentru care va transmit un g\u00e2nd bun \u0219i v\u0103 doresc ca Noul An 2023 s\u0103 v\u0103 fie cu realiz\u0103ri, s\u0103n\u0103tate, lini\u0219te interioar\u0103, al\u0103turi de familie \u0219i cei dragi.<\/p>\n<p style=\"text-align: justify;\">La Mul\u021bi Ani!<\/p>\n<p>&nbsp;<\/p>\n<p style=\"text-align: center;\"><strong>Fabian \u0162\u00eerc\u0103,<\/strong><\/p>\n<p style=\"text-align: center;\"><strong>Primarul comunei Oinacu<\/strong><\/p>\n","protected":false},"excerpt":{"rendered":"<p>Ne afl\u0103m la<\/p>\n","protected":false},"author":1,"featured_media":0,"comment_status":"open","ping_status":"open","sticky":false,"template":"","format":"standard","meta":{"footnotes":""},"categories":[6],"tags":[],"class_list":["post-94573","post","type-post","status-publish","format-standard","hentry","category-breaking-news"],"_links":{"self":[{"href":"https:\/\/www.giurgiuveanul.ro\/stiri\/wp-json\/wp\/v2\/posts\/94573","targetHints":{"allow":["GET"]}}],"collection":[{"href":"https:\/\/www.giurgiuveanul.ro\/stiri\/wp-json\/wp\/v2\/posts"}],"about":[{"href":"https:\/\/www.giurgiuveanul.ro\/stiri\/wp-json\/wp\/v2\/types\/post"}],"author":[{"embeddable":true,"href":"https:\/\/www.giurgiuveanul.ro\/stiri\/wp-json\/wp\/v2\/users\/1"}],"replies":[{"embeddable":true,"href":"https:\/\/www.giurgiuveanul.ro\/stiri\/wp-json\/wp\/v2\/comments?post=94573"}],"version-history":[{"count":0,"href":"https:\/\/www.giurgiuveanul.ro\/stiri\/wp-json\/wp\/v2\/posts\/94573\/revisions"}],"wp:attachment":[{"href":"https:\/\/www.giurgiuveanul.ro\/stiri\/wp-json\/wp\/v2\/media?parent=94573"}],"wp:term":[{"taxonomy":"category","embeddable":true,"href":"https:\/\/www.giurgiuveanul.ro\/stiri\/wp-json\/wp\/v2\/categories?post=94573"},{"taxonomy":"post_tag","embeddable":true,"href":"https:\/\/www.giurgiuveanul.ro\/stiri\/wp-json\/wp\/v2\/tags?post=94573"}],"curies":[{"name":"wp","href":"https:\/\/api.w.org\/{rel}","templated":true}]}}