{"id":94580,"date":"2023-01-01T11:50:50","date_gmt":"2023-01-01T09:50:50","guid":{"rendered":"https:\/\/www.giurgiuveanul.ro\/stiri\/?p=94580"},"modified":"2023-01-01T11:51:06","modified_gmt":"2023-01-01T09:51:06","slug":"primarul-comunei-colibasi-constantin-stoica-mesaj-de-anul-nou-2","status":"publish","type":"post","link":"https:\/\/www.giurgiuveanul.ro\/stiri\/primarul-comunei-colibasi-constantin-stoica-mesaj-de-anul-nou-2\/","title":{"rendered":"Primarul comunei Coliba\u015fi, Constantin Stoica, mesaj de Anul Nou!"},"content":{"rendered":"<p style=\"text-align: justify;\"><a href=\"https:\/\/www.giurgiuveanul.ro\/stiri\/wp-content\/uploads\/2022\/12\/IMG_0168.jpg\"><img loading=\"lazy\" decoding=\"async\" class=\"aligncenter wp-image-94399\" src=\"https:\/\/www.giurgiuveanul.ro\/stiri\/wp-content\/uploads\/2022\/12\/IMG_0168-560x436.jpg\" alt=\"\" width=\"578\" height=\"450\" srcset=\"https:\/\/www.giurgiuveanul.ro\/stiri\/wp-content\/uploads\/2022\/12\/IMG_0168-560x436.jpg 560w, https:\/\/www.giurgiuveanul.ro\/stiri\/wp-content\/uploads\/2022\/12\/IMG_0168-250x195.jpg 250w, https:\/\/www.giurgiuveanul.ro\/stiri\/wp-content\/uploads\/2022\/12\/IMG_0168-768x598.jpg 768w, https:\/\/www.giurgiuveanul.ro\/stiri\/wp-content\/uploads\/2022\/12\/IMG_0168-400x312.jpg 400w, https:\/\/www.giurgiuveanul.ro\/stiri\/wp-content\/uploads\/2022\/12\/IMG_0168.jpg 800w\" sizes=\"auto, (max-width: 578px) 100vw, 578px\" \/><\/a>V\u0103 doresc ca Noul An, 2023,<!--more--> s\u0103 v\u0103 g\u0103seasc\u0103 \u00een armonie \u0219i s\u0103n\u0103tate. Locuitorilor comunei Coliba\u015fi \u015fi tuturor giurgiuvenilor un an mai prosper, cu zile senine, cu evenimente pl\u0103cute, bucurii \u015fi multe ve\u015fti bune. Lumina primelor noi raze de soare sa ne vegheze calea.<\/p>\n<p style=\"text-align: justify;\">An Nou Fericit!<\/p>\n<p style=\"text-align: justify;\">La Mul\u0163i Ani!<\/p>\n<p style=\"text-align: center;\"><strong>Constantin Stoica, <\/strong><\/p>\n<p style=\"text-align: center;\"><strong>Primarul comunei Coliba\u015fi<\/strong><\/p>\n","protected":false},"excerpt":{"rendered":"<p>V\u0103 doresc ca Noul An, 2023,<\/p>\n","protected":false},"author":1,"featured_media":0,"comment_status":"open","ping_status":"open","sticky":false,"template":"","format":"standard","meta":{"footnotes":""},"categories":[6],"tags":[],"class_list":["post-94580","post","type-post","status-publish","format-standard","hentry","category-breaking-news"],"_links":{"self":[{"href":"https:\/\/www.giurgiuveanul.ro\/stiri\/wp-json\/wp\/v2\/posts\/94580","targetHints":{"allow":["GET"]}}],"collection":[{"href":"https:\/\/www.giurgiuveanul.ro\/stiri\/wp-json\/wp\/v2\/posts"}],"about":[{"href":"https:\/\/www.giurgiuveanul.ro\/stiri\/wp-json\/wp\/v2\/types\/post"}],"author":[{"embeddable":true,"href":"https:\/\/www.giurgiuveanul.ro\/stiri\/wp-json\/wp\/v2\/users\/1"}],"replies":[{"embeddable":true,"href":"https:\/\/www.giurgiuveanul.ro\/stiri\/wp-json\/wp\/v2\/comments?post=94580"}],"version-history":[{"count":0,"href":"https:\/\/www.giurgiuveanul.ro\/stiri\/wp-json\/wp\/v2\/posts\/94580\/revisions"}],"wp:attachment":[{"href":"https:\/\/www.giurgiuveanul.ro\/stiri\/wp-json\/wp\/v2\/media?parent=94580"}],"wp:term":[{"taxonomy":"category","embeddable":true,"href":"https:\/\/www.giurgiuveanul.ro\/stiri\/wp-json\/wp\/v2\/categories?post=94580"},{"taxonomy":"post_tag","embeddable":true,"href":"https:\/\/www.giurgiuveanul.ro\/stiri\/wp-json\/wp\/v2\/tags?post=94580"}],"curies":[{"name":"wp","href":"https:\/\/api.w.org\/{rel}","templated":true}]}}