{"id":94583,"date":"2023-01-01T12:08:38","date_gmt":"2023-01-01T10:08:38","guid":{"rendered":"https:\/\/www.giurgiuveanul.ro\/stiri\/?p=94583"},"modified":"2023-01-01T12:09:02","modified_gmt":"2023-01-01T10:09:02","slug":"primarul-comunei-baneasa-viorel-rotaru-mesaj-de-anul-nou-2","status":"publish","type":"post","link":"https:\/\/www.giurgiuveanul.ro\/stiri\/primarul-comunei-baneasa-viorel-rotaru-mesaj-de-anul-nou-2\/","title":{"rendered":"Primarul comunei B\u0103neasa, Viorel Rotaru, mesaj de Anul Nou!"},"content":{"rendered":"<p style=\"text-align: justify;\"><a href=\"https:\/\/www.giurgiuveanul.ro\/stiri\/wp-content\/uploads\/2022\/12\/WhatsApp-Image-2022-12-25-at-14.23.23.jpeg\"><img loading=\"lazy\" decoding=\"async\" class=\"aligncenter wp-image-94387\" src=\"https:\/\/www.giurgiuveanul.ro\/stiri\/wp-content\/uploads\/2022\/12\/WhatsApp-Image-2022-12-25-at-14.23.23-521x450.jpeg\" alt=\"\" width=\"582\" height=\"502\" srcset=\"https:\/\/www.giurgiuveanul.ro\/stiri\/wp-content\/uploads\/2022\/12\/WhatsApp-Image-2022-12-25-at-14.23.23-521x450.jpeg 521w, https:\/\/www.giurgiuveanul.ro\/stiri\/wp-content\/uploads\/2022\/12\/WhatsApp-Image-2022-12-25-at-14.23.23-250x216.jpeg 250w, https:\/\/www.giurgiuveanul.ro\/stiri\/wp-content\/uploads\/2022\/12\/WhatsApp-Image-2022-12-25-at-14.23.23-768x664.jpeg 768w, https:\/\/www.giurgiuveanul.ro\/stiri\/wp-content\/uploads\/2022\/12\/WhatsApp-Image-2022-12-25-at-14.23.23-400x346.jpeg 400w, https:\/\/www.giurgiuveanul.ro\/stiri\/wp-content\/uploads\/2022\/12\/WhatsApp-Image-2022-12-25-at-14.23.23.jpeg 900w\" sizes=\"auto, (max-width: 582px) 100vw, 582px\" \/><\/a>Locuitorilor<!--more--> comunei B\u0103neasa \u015fi tuturor giurgiuvenilor ur\u0103ri de s\u0103n\u0103tate \u015fi fericire, precum \u015fi cele mai calde g\u00e2nduri de bine, \u00een perspectiva unui 2023 pe care ni-l dorim cu to\u0163ii mai bun.<\/p>\n<p style=\"text-align: justify;\">V\u0103 doresc s\u0103 v\u0103 bucura\u021bi de oamenii dragi care v\u0103 sunt al\u0103turi, s\u0103 v\u0103 g\u00e2ndi\u021bi cu dor la cei care sunt departe, s\u0103 v\u0103 aminti\u021bi cu recuno\u0219tin\u021b\u0103 de momentele pl\u0103cute pe care le-a\u021bi tr\u0103it \u00een 2022.<\/p>\n<p style=\"text-align: justify;\">La Mul\u021bi Ani \u0219i un An Nou fericit, dragi giurgiuveni!<\/p>\n<p><strong>\u00a0<\/strong><\/p>\n<p style=\"text-align: center;\"><strong>Viorel Rotaru,<\/strong><\/p>\n<p style=\"text-align: center;\"><strong>Primarul comunei B\u0103neasa<\/strong><\/p>\n","protected":false},"excerpt":{"rendered":"<p>Locuitorilor<\/p>\n","protected":false},"author":1,"featured_media":0,"comment_status":"open","ping_status":"open","sticky":false,"template":"","format":"standard","meta":{"footnotes":""},"categories":[6],"tags":[],"class_list":["post-94583","post","type-post","status-publish","format-standard","hentry","category-breaking-news"],"_links":{"self":[{"href":"https:\/\/www.giurgiuveanul.ro\/stiri\/wp-json\/wp\/v2\/posts\/94583","targetHints":{"allow":["GET"]}}],"collection":[{"href":"https:\/\/www.giurgiuveanul.ro\/stiri\/wp-json\/wp\/v2\/posts"}],"about":[{"href":"https:\/\/www.giurgiuveanul.ro\/stiri\/wp-json\/wp\/v2\/types\/post"}],"author":[{"embeddable":true,"href":"https:\/\/www.giurgiuveanul.ro\/stiri\/wp-json\/wp\/v2\/users\/1"}],"replies":[{"embeddable":true,"href":"https:\/\/www.giurgiuveanul.ro\/stiri\/wp-json\/wp\/v2\/comments?post=94583"}],"version-history":[{"count":0,"href":"https:\/\/www.giurgiuveanul.ro\/stiri\/wp-json\/wp\/v2\/posts\/94583\/revisions"}],"wp:attachment":[{"href":"https:\/\/www.giurgiuveanul.ro\/stiri\/wp-json\/wp\/v2\/media?parent=94583"}],"wp:term":[{"taxonomy":"category","embeddable":true,"href":"https:\/\/www.giurgiuveanul.ro\/stiri\/wp-json\/wp\/v2\/categories?post=94583"},{"taxonomy":"post_tag","embeddable":true,"href":"https:\/\/www.giurgiuveanul.ro\/stiri\/wp-json\/wp\/v2\/tags?post=94583"}],"curies":[{"name":"wp","href":"https:\/\/api.w.org\/{rel}","templated":true}]}}