{"id":94587,"date":"2023-01-01T12:35:18","date_gmt":"2023-01-01T10:35:18","guid":{"rendered":"https:\/\/www.giurgiuveanul.ro\/stiri\/?p=94587"},"modified":"2023-01-01T12:35:18","modified_gmt":"2023-01-01T10:35:18","slug":"primarul-comunei-clejani-florin-nidelea-mesaj-de-anul-nou-2","status":"publish","type":"post","link":"https:\/\/www.giurgiuveanul.ro\/stiri\/primarul-comunei-clejani-florin-nidelea-mesaj-de-anul-nou-2\/","title":{"rendered":"Primarul comunei Clejani, Florin Nidelea, mesaj de Anul Nou!"},"content":{"rendered":"<p style=\"text-align: justify;\"><a href=\"https:\/\/www.giurgiuveanul.ro\/stiri\/wp-content\/uploads\/2023\/01\/WhatsApp-Image-2022-12-25-at-15.06.49.jpg\"><img loading=\"lazy\" decoding=\"async\" class=\"aligncenter  wp-image-94588\" src=\"https:\/\/www.giurgiuveanul.ro\/stiri\/wp-content\/uploads\/2023\/01\/WhatsApp-Image-2022-12-25-at-15.06.49-560x397.jpg\" alt=\"\" width=\"583\" height=\"413\" srcset=\"https:\/\/www.giurgiuveanul.ro\/stiri\/wp-content\/uploads\/2023\/01\/WhatsApp-Image-2022-12-25-at-15.06.49-560x397.jpg 560w, https:\/\/www.giurgiuveanul.ro\/stiri\/wp-content\/uploads\/2023\/01\/WhatsApp-Image-2022-12-25-at-15.06.49-250x177.jpg 250w, https:\/\/www.giurgiuveanul.ro\/stiri\/wp-content\/uploads\/2023\/01\/WhatsApp-Image-2022-12-25-at-15.06.49-768x545.jpg 768w, https:\/\/www.giurgiuveanul.ro\/stiri\/wp-content\/uploads\/2023\/01\/WhatsApp-Image-2022-12-25-at-15.06.49-1536x1090.jpg 1536w, https:\/\/www.giurgiuveanul.ro\/stiri\/wp-content\/uploads\/2023\/01\/WhatsApp-Image-2022-12-25-at-15.06.49-400x284.jpg 400w, https:\/\/www.giurgiuveanul.ro\/stiri\/wp-content\/uploads\/2023\/01\/WhatsApp-Image-2022-12-25-at-15.06.49.jpg 1600w\" sizes=\"auto, (max-width: 583px) 100vw, 583px\" \/><\/a>Acum c\u00e2nd Noul An a<!--more--> sosit cu fericire \u015fi pace, le doresc locuitorilor comunei Clejani \u015fi tuturor giurgiuvenilor un An Nou cu bucurie.<\/p>\n<p style=\"text-align: justify;\">2023 s\u0103 v\u0103 fie plin de satisfac\u0163ii, s\u0103n\u0103tate \u015fi prosperitate!<\/p>\n<p style=\"text-align: justify;\">La Mul\u0163i Ani!<\/p>\n<p>&nbsp;<\/p>\n<p style=\"text-align: center;\"><strong>Florin Nidelea,<\/strong><\/p>\n<p style=\"text-align: center;\"><strong>Primarul comunei Clejani<\/strong><\/p>\n","protected":false},"excerpt":{"rendered":"<p>Acum c\u00e2nd Noul An a<\/p>\n","protected":false},"author":1,"featured_media":0,"comment_status":"open","ping_status":"open","sticky":false,"template":"","format":"standard","meta":{"footnotes":""},"categories":[6],"tags":[],"class_list":["post-94587","post","type-post","status-publish","format-standard","hentry","category-breaking-news"],"_links":{"self":[{"href":"https:\/\/www.giurgiuveanul.ro\/stiri\/wp-json\/wp\/v2\/posts\/94587","targetHints":{"allow":["GET"]}}],"collection":[{"href":"https:\/\/www.giurgiuveanul.ro\/stiri\/wp-json\/wp\/v2\/posts"}],"about":[{"href":"https:\/\/www.giurgiuveanul.ro\/stiri\/wp-json\/wp\/v2\/types\/post"}],"author":[{"embeddable":true,"href":"https:\/\/www.giurgiuveanul.ro\/stiri\/wp-json\/wp\/v2\/users\/1"}],"replies":[{"embeddable":true,"href":"https:\/\/www.giurgiuveanul.ro\/stiri\/wp-json\/wp\/v2\/comments?post=94587"}],"version-history":[{"count":0,"href":"https:\/\/www.giurgiuveanul.ro\/stiri\/wp-json\/wp\/v2\/posts\/94587\/revisions"}],"wp:attachment":[{"href":"https:\/\/www.giurgiuveanul.ro\/stiri\/wp-json\/wp\/v2\/media?parent=94587"}],"wp:term":[{"taxonomy":"category","embeddable":true,"href":"https:\/\/www.giurgiuveanul.ro\/stiri\/wp-json\/wp\/v2\/categories?post=94587"},{"taxonomy":"post_tag","embeddable":true,"href":"https:\/\/www.giurgiuveanul.ro\/stiri\/wp-json\/wp\/v2\/tags?post=94587"}],"curies":[{"name":"wp","href":"https:\/\/api.w.org\/{rel}","templated":true}]}}