{"id":94590,"date":"2023-01-01T12:43:40","date_gmt":"2023-01-01T10:43:40","guid":{"rendered":"https:\/\/www.giurgiuveanul.ro\/stiri\/?p=94590"},"modified":"2023-01-01T12:43:56","modified_gmt":"2023-01-01T10:43:56","slug":"primarul-comunei-joita-constantin-tanase-mesaj-de-anul-nou","status":"publish","type":"post","link":"https:\/\/www.giurgiuveanul.ro\/stiri\/primarul-comunei-joita-constantin-tanase-mesaj-de-anul-nou\/","title":{"rendered":"Primarul comunei Joi\u0163a, Constantin T\u0103nase, mesaj de Anul Nou!"},"content":{"rendered":"<p style=\"text-align: justify;\"><a href=\"https:\/\/www.giurgiuveanul.ro\/stiri\/wp-content\/uploads\/2023\/01\/WhatsApp-Image-2022-12-25-at-15.07.42.jpeg\"><img loading=\"lazy\" decoding=\"async\" class=\"aligncenter wp-image-94591\" src=\"https:\/\/www.giurgiuveanul.ro\/stiri\/wp-content\/uploads\/2023\/01\/WhatsApp-Image-2022-12-25-at-15.07.42-415x450.jpeg\" alt=\"\" width=\"585\" height=\"635\" srcset=\"https:\/\/www.giurgiuveanul.ro\/stiri\/wp-content\/uploads\/2023\/01\/WhatsApp-Image-2022-12-25-at-15.07.42-415x450.jpeg 415w, https:\/\/www.giurgiuveanul.ro\/stiri\/wp-content\/uploads\/2023\/01\/WhatsApp-Image-2022-12-25-at-15.07.42-250x271.jpeg 250w, https:\/\/www.giurgiuveanul.ro\/stiri\/wp-content\/uploads\/2023\/01\/WhatsApp-Image-2022-12-25-at-15.07.42-768x832.jpeg 768w, https:\/\/www.giurgiuveanul.ro\/stiri\/wp-content\/uploads\/2023\/01\/WhatsApp-Image-2022-12-25-at-15.07.42-400x434.jpeg 400w, https:\/\/www.giurgiuveanul.ro\/stiri\/wp-content\/uploads\/2023\/01\/WhatsApp-Image-2022-12-25-at-15.07.42.jpeg 800w\" sizes=\"auto, (max-width: 585px) 100vw, 585px\" \/><\/a>Sosirea Anului Nou<!--more--> \u00eemi ofer\u0103 deosebitul prilej de a v\u0103 adresa cele mai sincere ur\u0103ri de s\u0103n\u0103tate, fericire, prosperitate, putere de munc\u0103 \u015fi \u00eemplinirea tuturor dorin\u0163elor.<\/p>\n<p style=\"text-align: justify;\">S\u0103 ne bucur\u0103m al\u0103turi de cei dragi, iar Noul An 2023 s\u0103\u00a0 fie pentru noi to\u0163i, un an cu \u00eempliniri \u015fi speran\u0163\u0103 !<\/p>\n<p style=\"text-align: justify;\">La Mul\u0163i Ani!<\/p>\n<p>&nbsp;<\/p>\n<p style=\"text-align: center;\"><strong>Constantin T\u0103nase,<\/strong><\/p>\n<p style=\"text-align: center;\"><strong>Primarul comunei Joi\u0163a<\/strong><\/p>\n","protected":false},"excerpt":{"rendered":"<p>Sosirea Anului Nou<\/p>\n","protected":false},"author":1,"featured_media":0,"comment_status":"open","ping_status":"open","sticky":false,"template":"","format":"standard","meta":{"footnotes":""},"categories":[6],"tags":[],"class_list":["post-94590","post","type-post","status-publish","format-standard","hentry","category-breaking-news"],"_links":{"self":[{"href":"https:\/\/www.giurgiuveanul.ro\/stiri\/wp-json\/wp\/v2\/posts\/94590","targetHints":{"allow":["GET"]}}],"collection":[{"href":"https:\/\/www.giurgiuveanul.ro\/stiri\/wp-json\/wp\/v2\/posts"}],"about":[{"href":"https:\/\/www.giurgiuveanul.ro\/stiri\/wp-json\/wp\/v2\/types\/post"}],"author":[{"embeddable":true,"href":"https:\/\/www.giurgiuveanul.ro\/stiri\/wp-json\/wp\/v2\/users\/1"}],"replies":[{"embeddable":true,"href":"https:\/\/www.giurgiuveanul.ro\/stiri\/wp-json\/wp\/v2\/comments?post=94590"}],"version-history":[{"count":0,"href":"https:\/\/www.giurgiuveanul.ro\/stiri\/wp-json\/wp\/v2\/posts\/94590\/revisions"}],"wp:attachment":[{"href":"https:\/\/www.giurgiuveanul.ro\/stiri\/wp-json\/wp\/v2\/media?parent=94590"}],"wp:term":[{"taxonomy":"category","embeddable":true,"href":"https:\/\/www.giurgiuveanul.ro\/stiri\/wp-json\/wp\/v2\/categories?post=94590"},{"taxonomy":"post_tag","embeddable":true,"href":"https:\/\/www.giurgiuveanul.ro\/stiri\/wp-json\/wp\/v2\/tags?post=94590"}],"curies":[{"name":"wp","href":"https:\/\/api.w.org\/{rel}","templated":true}]}}