{"id":94594,"date":"2023-01-01T12:48:47","date_gmt":"2023-01-01T10:48:47","guid":{"rendered":"https:\/\/www.giurgiuveanul.ro\/stiri\/?p=94594"},"modified":"2023-01-01T12:49:20","modified_gmt":"2023-01-01T10:49:20","slug":"primarul-comunei-putineiu-gheorghe-breazu-mesaj-de-anul-nou","status":"publish","type":"post","link":"https:\/\/www.giurgiuveanul.ro\/stiri\/primarul-comunei-putineiu-gheorghe-breazu-mesaj-de-anul-nou\/","title":{"rendered":"Primarul comunei Putineiu, Gheorghe Breazu, mesaj de Anul Nou!"},"content":{"rendered":"<p style=\"text-align: justify;\"><a href=\"https:\/\/www.giurgiuveanul.ro\/stiri\/wp-content\/uploads\/2022\/12\/118775648_101875794995082_5186801928843653969_n.jpg\"><img loading=\"lazy\" decoding=\"async\" class=\"aligncenter wp-image-94421\" src=\"https:\/\/www.giurgiuveanul.ro\/stiri\/wp-content\/uploads\/2022\/12\/118775648_101875794995082_5186801928843653969_n-456x450.jpg\" alt=\"\" width=\"580\" height=\"573\" srcset=\"https:\/\/www.giurgiuveanul.ro\/stiri\/wp-content\/uploads\/2022\/12\/118775648_101875794995082_5186801928843653969_n-456x450.jpg 456w, https:\/\/www.giurgiuveanul.ro\/stiri\/wp-content\/uploads\/2022\/12\/118775648_101875794995082_5186801928843653969_n-250x247.jpg 250w, https:\/\/www.giurgiuveanul.ro\/stiri\/wp-content\/uploads\/2022\/12\/118775648_101875794995082_5186801928843653969_n-768x758.jpg 768w, https:\/\/www.giurgiuveanul.ro\/stiri\/wp-content\/uploads\/2022\/12\/118775648_101875794995082_5186801928843653969_n-400x395.jpg 400w, https:\/\/www.giurgiuveanul.ro\/stiri\/wp-content\/uploads\/2022\/12\/118775648_101875794995082_5186801928843653969_n.jpg 1185w\" sizes=\"auto, (max-width: 580px) 100vw, 580px\" \/><\/a>S\u0103 ave\u021bi un an<!--more--> bun, fericire, s\u0103n\u0103tate, \u00eempliniri personale \u0219i profesionale, iar lumina s\u0103rb\u0103torilor s\u0103 v\u0103 \u00eenso\u021beasc\u0103 \u00een fiecare moment al Noului An 2023!<\/p>\n<p style=\"text-align: justify;\">V\u0103 doresc un An Nou minunat, plin de lumin\u0103 \u015fi iubire!<\/p>\n<p style=\"text-align: justify;\">La Mul\u021bi Ani!<\/p>\n<p><strong>\u00a0<\/strong><\/p>\n<p style=\"text-align: center;\"><strong>Gheorghe Breazu,<\/strong><\/p>\n<p style=\"text-align: center;\"><strong>Primarul coumnei Putineiu<\/strong><\/p>\n","protected":false},"excerpt":{"rendered":"<p>S\u0103 ave\u021bi un an<\/p>\n","protected":false},"author":1,"featured_media":0,"comment_status":"open","ping_status":"open","sticky":false,"template":"","format":"standard","meta":{"footnotes":""},"categories":[6],"tags":[],"class_list":["post-94594","post","type-post","status-publish","format-standard","hentry","category-breaking-news"],"_links":{"self":[{"href":"https:\/\/www.giurgiuveanul.ro\/stiri\/wp-json\/wp\/v2\/posts\/94594","targetHints":{"allow":["GET"]}}],"collection":[{"href":"https:\/\/www.giurgiuveanul.ro\/stiri\/wp-json\/wp\/v2\/posts"}],"about":[{"href":"https:\/\/www.giurgiuveanul.ro\/stiri\/wp-json\/wp\/v2\/types\/post"}],"author":[{"embeddable":true,"href":"https:\/\/www.giurgiuveanul.ro\/stiri\/wp-json\/wp\/v2\/users\/1"}],"replies":[{"embeddable":true,"href":"https:\/\/www.giurgiuveanul.ro\/stiri\/wp-json\/wp\/v2\/comments?post=94594"}],"version-history":[{"count":0,"href":"https:\/\/www.giurgiuveanul.ro\/stiri\/wp-json\/wp\/v2\/posts\/94594\/revisions"}],"wp:attachment":[{"href":"https:\/\/www.giurgiuveanul.ro\/stiri\/wp-json\/wp\/v2\/media?parent=94594"}],"wp:term":[{"taxonomy":"category","embeddable":true,"href":"https:\/\/www.giurgiuveanul.ro\/stiri\/wp-json\/wp\/v2\/categories?post=94594"},{"taxonomy":"post_tag","embeddable":true,"href":"https:\/\/www.giurgiuveanul.ro\/stiri\/wp-json\/wp\/v2\/tags?post=94594"}],"curies":[{"name":"wp","href":"https:\/\/api.w.org\/{rel}","templated":true}]}}