{"id":94598,"date":"2023-01-01T12:54:12","date_gmt":"2023-01-01T10:54:12","guid":{"rendered":"https:\/\/www.giurgiuveanul.ro\/stiri\/?p=94598"},"modified":"2023-01-01T12:54:25","modified_gmt":"2023-01-01T10:54:25","slug":"primarul-comunei-ghimpati-constantin-carapanceanu-mesaj-de-anul-nou-2","status":"publish","type":"post","link":"https:\/\/www.giurgiuveanul.ro\/stiri\/primarul-comunei-ghimpati-constantin-carapanceanu-mesaj-de-anul-nou-2\/","title":{"rendered":"Primarul comunei Ghimpa\u0163i, Constantin C\u0103r\u0103p\u0103nceanu, mesaj de Anul Nou!"},"content":{"rendered":"<p style=\"text-align: justify;\"><a href=\"https:\/\/www.giurgiuveanul.ro\/stiri\/wp-content\/uploads\/2022\/12\/carapanceanu.jpg\"><img loading=\"lazy\" decoding=\"async\" class=\"aligncenter wp-image-94396\" src=\"https:\/\/www.giurgiuveanul.ro\/stiri\/wp-content\/uploads\/2022\/12\/carapanceanu-553x450.jpg\" alt=\"\" width=\"582\" height=\"474\" srcset=\"https:\/\/www.giurgiuveanul.ro\/stiri\/wp-content\/uploads\/2022\/12\/carapanceanu-553x450.jpg 553w, https:\/\/www.giurgiuveanul.ro\/stiri\/wp-content\/uploads\/2022\/12\/carapanceanu-250x203.jpg 250w, https:\/\/www.giurgiuveanul.ro\/stiri\/wp-content\/uploads\/2022\/12\/carapanceanu-768x625.jpg 768w, https:\/\/www.giurgiuveanul.ro\/stiri\/wp-content\/uploads\/2022\/12\/carapanceanu-400x325.jpg 400w, https:\/\/www.giurgiuveanul.ro\/stiri\/wp-content\/uploads\/2022\/12\/carapanceanu.jpg 900w\" sizes=\"auto, (max-width: 582px) 100vw, 582px\" \/><\/a>Cu ocazia sosirii Noului An 2023,<!--more--> doresc s\u0103 adresez, locuitorilor comunei Ghimpa\u0163i \u015fi tuturor giurgiuvenilor, g\u00e2ndurile mele cele mai bune \u00eenso\u0163ite de ur\u0103ri de s\u0103n\u0103tate, cu bucurii, pace \u00een suflete \u015fi \u00eemplinirea speran\u0163elor de mai bine \u00een Noul An!<\/p>\n<p style=\"text-align: justify;\">La Mul\u0163i Ani!<\/p>\n<p><strong>\u00a0<\/strong><\/p>\n<p style=\"text-align: center;\"><strong>Constantin C\u0103r\u0103p\u0103nceanu,<\/strong><\/p>\n<p style=\"text-align: center;\"><strong>Primarul comunei Ghimpa\u0163i<\/strong><\/p>\n","protected":false},"excerpt":{"rendered":"<p>Cu ocazia sosirii Noului An 2023,<\/p>\n","protected":false},"author":1,"featured_media":0,"comment_status":"open","ping_status":"open","sticky":false,"template":"","format":"standard","meta":{"footnotes":""},"categories":[6],"tags":[],"class_list":["post-94598","post","type-post","status-publish","format-standard","hentry","category-breaking-news"],"_links":{"self":[{"href":"https:\/\/www.giurgiuveanul.ro\/stiri\/wp-json\/wp\/v2\/posts\/94598","targetHints":{"allow":["GET"]}}],"collection":[{"href":"https:\/\/www.giurgiuveanul.ro\/stiri\/wp-json\/wp\/v2\/posts"}],"about":[{"href":"https:\/\/www.giurgiuveanul.ro\/stiri\/wp-json\/wp\/v2\/types\/post"}],"author":[{"embeddable":true,"href":"https:\/\/www.giurgiuveanul.ro\/stiri\/wp-json\/wp\/v2\/users\/1"}],"replies":[{"embeddable":true,"href":"https:\/\/www.giurgiuveanul.ro\/stiri\/wp-json\/wp\/v2\/comments?post=94598"}],"version-history":[{"count":0,"href":"https:\/\/www.giurgiuveanul.ro\/stiri\/wp-json\/wp\/v2\/posts\/94598\/revisions"}],"wp:attachment":[{"href":"https:\/\/www.giurgiuveanul.ro\/stiri\/wp-json\/wp\/v2\/media?parent=94598"}],"wp:term":[{"taxonomy":"category","embeddable":true,"href":"https:\/\/www.giurgiuveanul.ro\/stiri\/wp-json\/wp\/v2\/categories?post=94598"},{"taxonomy":"post_tag","embeddable":true,"href":"https:\/\/www.giurgiuveanul.ro\/stiri\/wp-json\/wp\/v2\/tags?post=94598"}],"curies":[{"name":"wp","href":"https:\/\/api.w.org\/{rel}","templated":true}]}}