{"id":94604,"date":"2023-01-01T13:09:08","date_gmt":"2023-01-01T11:09:08","guid":{"rendered":"https:\/\/www.giurgiuveanul.ro\/stiri\/?p=94604"},"modified":"2023-01-01T13:09:40","modified_gmt":"2023-01-01T11:09:40","slug":"primarul-comunei-letca-noua-marian-negru-mesaj-de-anul-nou-2","status":"publish","type":"post","link":"https:\/\/www.giurgiuveanul.ro\/stiri\/primarul-comunei-letca-noua-marian-negru-mesaj-de-anul-nou-2\/","title":{"rendered":"Primarul comunei Letca Nou\u0103, Marian Negru, mesaj de Anul Nou!"},"content":{"rendered":"<p style=\"text-align: justify;\"><a href=\"https:\/\/www.giurgiuveanul.ro\/stiri\/wp-content\/uploads\/2023\/01\/marian-negru.jpg\"><img loading=\"lazy\" decoding=\"async\" class=\"aligncenter wp-image-94605\" src=\"https:\/\/www.giurgiuveanul.ro\/stiri\/wp-content\/uploads\/2023\/01\/marian-negru-552x450.jpg\" alt=\"\" width=\"579\" height=\"472\" srcset=\"https:\/\/www.giurgiuveanul.ro\/stiri\/wp-content\/uploads\/2023\/01\/marian-negru-552x450.jpg 552w, https:\/\/www.giurgiuveanul.ro\/stiri\/wp-content\/uploads\/2023\/01\/marian-negru-250x204.jpg 250w, https:\/\/www.giurgiuveanul.ro\/stiri\/wp-content\/uploads\/2023\/01\/marian-negru-768x627.jpg 768w, https:\/\/www.giurgiuveanul.ro\/stiri\/wp-content\/uploads\/2023\/01\/marian-negru-400x326.jpg 400w, https:\/\/www.giurgiuveanul.ro\/stiri\/wp-content\/uploads\/2023\/01\/marian-negru.jpg 771w\" sizes=\"auto, (max-width: 579px) 100vw, 579px\" \/><\/a>Am p\u0103\u015fit \u00een Noul An 2023! S\u0103<!--more--> privim \u00eenapoi cu iertare, \u00eenainte cu speran\u0163\u0103, \u00een jos cu \u00een\u0163elegere \u015fi \u00een sus cu recuno\u015ftin\u0163\u0103! Speran\u0163a s\u0103 v\u0103 deschid\u0103 poarta spre un An Nou plin de bucurii \u015fi \u00eempliniri.<\/p>\n<p style=\"text-align: justify;\">Fie ca toate visele pe care le f\u0103uri\u0163i \u00een aceste zile magice s\u0103 se \u00eemplinesc\u0103 \u015fi drumul str\u0103b\u0103tut pentru realizarea lor s\u0103 v\u0103 aduc\u0103 bucurie \u00een inimi, iar \u00een case fericire \u015fi bel\u015fug!<\/p>\n<p style=\"text-align: justify;\">La Mul\u0163i Ani 2023!<\/p>\n<p><strong>\u00a0<\/strong><\/p>\n<p style=\"text-align: center;\"><strong>Marian Negru, <\/strong><\/p>\n<p style=\"text-align: center;\"><strong>Primarul comunei Letca Nou\u0103<\/strong><\/p>\n","protected":false},"excerpt":{"rendered":"<p>Am p\u0103\u015fit \u00een Noul An 2023! S\u0103<\/p>\n","protected":false},"author":1,"featured_media":0,"comment_status":"open","ping_status":"open","sticky":false,"template":"","format":"standard","meta":{"footnotes":""},"categories":[6],"tags":[],"class_list":["post-94604","post","type-post","status-publish","format-standard","hentry","category-breaking-news"],"_links":{"self":[{"href":"https:\/\/www.giurgiuveanul.ro\/stiri\/wp-json\/wp\/v2\/posts\/94604","targetHints":{"allow":["GET"]}}],"collection":[{"href":"https:\/\/www.giurgiuveanul.ro\/stiri\/wp-json\/wp\/v2\/posts"}],"about":[{"href":"https:\/\/www.giurgiuveanul.ro\/stiri\/wp-json\/wp\/v2\/types\/post"}],"author":[{"embeddable":true,"href":"https:\/\/www.giurgiuveanul.ro\/stiri\/wp-json\/wp\/v2\/users\/1"}],"replies":[{"embeddable":true,"href":"https:\/\/www.giurgiuveanul.ro\/stiri\/wp-json\/wp\/v2\/comments?post=94604"}],"version-history":[{"count":0,"href":"https:\/\/www.giurgiuveanul.ro\/stiri\/wp-json\/wp\/v2\/posts\/94604\/revisions"}],"wp:attachment":[{"href":"https:\/\/www.giurgiuveanul.ro\/stiri\/wp-json\/wp\/v2\/media?parent=94604"}],"wp:term":[{"taxonomy":"category","embeddable":true,"href":"https:\/\/www.giurgiuveanul.ro\/stiri\/wp-json\/wp\/v2\/categories?post=94604"},{"taxonomy":"post_tag","embeddable":true,"href":"https:\/\/www.giurgiuveanul.ro\/stiri\/wp-json\/wp\/v2\/tags?post=94604"}],"curies":[{"name":"wp","href":"https:\/\/api.w.org\/{rel}","templated":true}]}}