{"id":94608,"date":"2023-01-01T13:20:21","date_gmt":"2023-01-01T11:20:21","guid":{"rendered":"https:\/\/www.giurgiuveanul.ro\/stiri\/?p=94608"},"modified":"2023-01-01T13:21:21","modified_gmt":"2023-01-01T11:21:21","slug":"primarul-comunei-daia-adrian-florin-serban-mesaj-de-anul-nou","status":"publish","type":"post","link":"https:\/\/www.giurgiuveanul.ro\/stiri\/primarul-comunei-daia-adrian-florin-serban-mesaj-de-anul-nou\/","title":{"rendered":"Primarul comunei Daia, Adrian Florin \u015eerban, mesaj de Anul Nou!"},"content":{"rendered":"<p style=\"text-align: justify;\"><a href=\"https:\/\/www.giurgiuveanul.ro\/stiri\/wp-content\/uploads\/2022\/12\/WhatsApp-Image-2022-06-24-at-7.11.39-PM.jpg\"><img loading=\"lazy\" decoding=\"async\" class=\"aligncenter wp-image-94417\" src=\"https:\/\/www.giurgiuveanul.ro\/stiri\/wp-content\/uploads\/2022\/12\/WhatsApp-Image-2022-06-24-at-7.11.39-PM-505x450.jpg\" alt=\"\" width=\"594\" height=\"529\" srcset=\"https:\/\/www.giurgiuveanul.ro\/stiri\/wp-content\/uploads\/2022\/12\/WhatsApp-Image-2022-06-24-at-7.11.39-PM-505x450.jpg 505w, https:\/\/www.giurgiuveanul.ro\/stiri\/wp-content\/uploads\/2022\/12\/WhatsApp-Image-2022-06-24-at-7.11.39-PM-250x223.jpg 250w, https:\/\/www.giurgiuveanul.ro\/stiri\/wp-content\/uploads\/2022\/12\/WhatsApp-Image-2022-06-24-at-7.11.39-PM-768x684.jpg 768w, https:\/\/www.giurgiuveanul.ro\/stiri\/wp-content\/uploads\/2022\/12\/WhatsApp-Image-2022-06-24-at-7.11.39-PM-1536x1369.jpg 1536w, https:\/\/www.giurgiuveanul.ro\/stiri\/wp-content\/uploads\/2022\/12\/WhatsApp-Image-2022-06-24-at-7.11.39-PM-400x356.jpg 400w, https:\/\/www.giurgiuveanul.ro\/stiri\/wp-content\/uploads\/2022\/12\/WhatsApp-Image-2022-06-24-at-7.11.39-PM.jpg 2000w\" sizes=\"auto, (max-width: 594px) 100vw, 594px\" \/><\/a>\u00cemi doresc \u015fi<!--more--> v\u0103 doresc ca Anul Nou 2023 s\u0103 fie un an mai bun pentru noi to\u021bi, plin de s\u0103n\u0103tate \u0219i lini\u0219te. S\u0103 fim \u00eencrez\u0103tori \u00een noi \u00een\u0219ine \u0219i s\u0103 avem speran\u021b\u0103 pentru viitor, indiferent de provoc\u0103rile pe care le \u00eent\u00e2lnim. \u00cen Noul An, eforturile s\u0103 v\u0103 fie \u00eempliniri, iar visele s\u0103 devin\u0103 realitate.<\/p>\n<p style=\"text-align: justify;\">2023 s\u0103 v\u0103 fie pres\u0103rat cu realiz\u0103ri remarcabile, \u00eempliniri, fericire \u015fi iubire!<\/p>\n<p style=\"text-align: justify;\">La Mul\u0163i Ani!<\/p>\n<p>&nbsp;<\/p>\n<p style=\"text-align: center;\"><strong>Adrian Florin \u015eerban,<\/strong><\/p>\n<p style=\"text-align: center;\"><strong>Primarul comunei Daia<\/strong><\/p>\n","protected":false},"excerpt":{"rendered":"<p>\u00cemi doresc \u015fi<\/p>\n","protected":false},"author":1,"featured_media":0,"comment_status":"open","ping_status":"open","sticky":false,"template":"","format":"standard","meta":{"footnotes":""},"categories":[6],"tags":[],"class_list":["post-94608","post","type-post","status-publish","format-standard","hentry","category-breaking-news"],"_links":{"self":[{"href":"https:\/\/www.giurgiuveanul.ro\/stiri\/wp-json\/wp\/v2\/posts\/94608","targetHints":{"allow":["GET"]}}],"collection":[{"href":"https:\/\/www.giurgiuveanul.ro\/stiri\/wp-json\/wp\/v2\/posts"}],"about":[{"href":"https:\/\/www.giurgiuveanul.ro\/stiri\/wp-json\/wp\/v2\/types\/post"}],"author":[{"embeddable":true,"href":"https:\/\/www.giurgiuveanul.ro\/stiri\/wp-json\/wp\/v2\/users\/1"}],"replies":[{"embeddable":true,"href":"https:\/\/www.giurgiuveanul.ro\/stiri\/wp-json\/wp\/v2\/comments?post=94608"}],"version-history":[{"count":0,"href":"https:\/\/www.giurgiuveanul.ro\/stiri\/wp-json\/wp\/v2\/posts\/94608\/revisions"}],"wp:attachment":[{"href":"https:\/\/www.giurgiuveanul.ro\/stiri\/wp-json\/wp\/v2\/media?parent=94608"}],"wp:term":[{"taxonomy":"category","embeddable":true,"href":"https:\/\/www.giurgiuveanul.ro\/stiri\/wp-json\/wp\/v2\/categories?post=94608"},{"taxonomy":"post_tag","embeddable":true,"href":"https:\/\/www.giurgiuveanul.ro\/stiri\/wp-json\/wp\/v2\/tags?post=94608"}],"curies":[{"name":"wp","href":"https:\/\/api.w.org\/{rel}","templated":true}]}}