{"id":94613,"date":"2023-01-01T13:58:52","date_gmt":"2023-01-01T11:58:52","guid":{"rendered":"https:\/\/www.giurgiuveanul.ro\/stiri\/?p=94613"},"modified":"2023-01-01T14:00:33","modified_gmt":"2023-01-01T12:00:33","slug":"primarul-comunei-ulmi-petre-nicolae-mesaj-de-anul-nou","status":"publish","type":"post","link":"https:\/\/www.giurgiuveanul.ro\/stiri\/primarul-comunei-ulmi-petre-nicolae-mesaj-de-anul-nou\/","title":{"rendered":"Primarul comunei Ulmi, Petre Nicolae, mesaj de Anul Nou!"},"content":{"rendered":"<p style=\"text-align: justify;\"><a href=\"https:\/\/www.giurgiuveanul.ro\/stiri\/wp-content\/uploads\/2022\/12\/petre-nicolae.jpg\"><img loading=\"lazy\" decoding=\"async\" class=\"aligncenter wp-image-94412\" src=\"https:\/\/www.giurgiuveanul.ro\/stiri\/wp-content\/uploads\/2022\/12\/petre-nicolae-519x450.jpg\" alt=\"\" width=\"576\" height=\"499\" srcset=\"https:\/\/www.giurgiuveanul.ro\/stiri\/wp-content\/uploads\/2022\/12\/petre-nicolae-519x450.jpg 519w, https:\/\/www.giurgiuveanul.ro\/stiri\/wp-content\/uploads\/2022\/12\/petre-nicolae-250x217.jpg 250w, https:\/\/www.giurgiuveanul.ro\/stiri\/wp-content\/uploads\/2022\/12\/petre-nicolae-768x666.jpg 768w, https:\/\/www.giurgiuveanul.ro\/stiri\/wp-content\/uploads\/2022\/12\/petre-nicolae-400x347.jpg 400w, https:\/\/www.giurgiuveanul.ro\/stiri\/wp-content\/uploads\/2022\/12\/petre-nicolae.jpg 900w\" sizes=\"auto, (max-width: 576px) 100vw, 576px\" \/><\/a>V\u0103 urez<!--more--> mult\u0103 s\u0103n\u0103tate, fericire \u015fi \u00eemplinirea tuturor dorin\u0163elor al\u0103turi de cei dragi dumneavoastr\u0103.<\/p>\n<p style=\"text-align: justify;\">Noul An 2023 s\u0103 ne aduc\u0103 fiec\u0103ruia dintre noi multe bucurii \u015fi satisfac\u021bii!<\/p>\n<p style=\"text-align: justify;\">La Mul\u0163i Ani!<\/p>\n<p>&nbsp;<\/p>\n<p style=\"text-align: center;\"><strong>Petre Nicolae,<\/strong><\/p>\n<p style=\"text-align: center;\"><strong>Primarul comunei Ulmi<\/strong><\/p>\n","protected":false},"excerpt":{"rendered":"<p>V\u0103 urez<\/p>\n","protected":false},"author":1,"featured_media":0,"comment_status":"open","ping_status":"open","sticky":false,"template":"","format":"standard","meta":{"footnotes":""},"categories":[6],"tags":[],"class_list":["post-94613","post","type-post","status-publish","format-standard","hentry","category-breaking-news"],"_links":{"self":[{"href":"https:\/\/www.giurgiuveanul.ro\/stiri\/wp-json\/wp\/v2\/posts\/94613","targetHints":{"allow":["GET"]}}],"collection":[{"href":"https:\/\/www.giurgiuveanul.ro\/stiri\/wp-json\/wp\/v2\/posts"}],"about":[{"href":"https:\/\/www.giurgiuveanul.ro\/stiri\/wp-json\/wp\/v2\/types\/post"}],"author":[{"embeddable":true,"href":"https:\/\/www.giurgiuveanul.ro\/stiri\/wp-json\/wp\/v2\/users\/1"}],"replies":[{"embeddable":true,"href":"https:\/\/www.giurgiuveanul.ro\/stiri\/wp-json\/wp\/v2\/comments?post=94613"}],"version-history":[{"count":0,"href":"https:\/\/www.giurgiuveanul.ro\/stiri\/wp-json\/wp\/v2\/posts\/94613\/revisions"}],"wp:attachment":[{"href":"https:\/\/www.giurgiuveanul.ro\/stiri\/wp-json\/wp\/v2\/media?parent=94613"}],"wp:term":[{"taxonomy":"category","embeddable":true,"href":"https:\/\/www.giurgiuveanul.ro\/stiri\/wp-json\/wp\/v2\/categories?post=94613"},{"taxonomy":"post_tag","embeddable":true,"href":"https:\/\/www.giurgiuveanul.ro\/stiri\/wp-json\/wp\/v2\/tags?post=94613"}],"curies":[{"name":"wp","href":"https:\/\/api.w.org\/{rel}","templated":true}]}}