{"id":94625,"date":"2023-01-02T12:04:53","date_gmt":"2023-01-02T10:04:53","guid":{"rendered":"https:\/\/www.giurgiuveanul.ro\/stiri\/?p=94625"},"modified":"2023-01-02T12:05:18","modified_gmt":"2023-01-02T10:05:18","slug":"accident-rutier-soldat-cu-doua-victime-in-aceasta-dimineata-foto-3","status":"publish","type":"post","link":"https:\/\/www.giurgiuveanul.ro\/stiri\/accident-rutier-soldat-cu-doua-victime-in-aceasta-dimineata-foto-3\/","title":{"rendered":"ACCIDENT RUTIER soldat cu dou\u0103 victime, \u00een aceast\u0103 diminea\u0163\u0103 (FOTO)"},"content":{"rendered":"<p style=\"text-align: justify;\"><strong><a href=\"https:\/\/www.giurgiuveanul.ro\/stiri\/wp-content\/uploads\/2023\/01\/WhatsApp-Image-2023-01-02-at-11.58.49-1.jpeg\"><img loading=\"lazy\" decoding=\"async\" class=\"aligncenter wp-image-94626\" src=\"https:\/\/www.giurgiuveanul.ro\/stiri\/wp-content\/uploads\/2023\/01\/WhatsApp-Image-2023-01-02-at-11.58.49-1-560x386.jpeg\" alt=\"\" width=\"583\" height=\"402\" srcset=\"https:\/\/www.giurgiuveanul.ro\/stiri\/wp-content\/uploads\/2023\/01\/WhatsApp-Image-2023-01-02-at-11.58.49-1-560x386.jpeg 560w, https:\/\/www.giurgiuveanul.ro\/stiri\/wp-content\/uploads\/2023\/01\/WhatsApp-Image-2023-01-02-at-11.58.49-1-250x173.jpeg 250w, https:\/\/www.giurgiuveanul.ro\/stiri\/wp-content\/uploads\/2023\/01\/WhatsApp-Image-2023-01-02-at-11.58.49-1-768x530.jpeg 768w, https:\/\/www.giurgiuveanul.ro\/stiri\/wp-content\/uploads\/2023\/01\/WhatsApp-Image-2023-01-02-at-11.58.49-1-400x276.jpeg 400w, https:\/\/www.giurgiuveanul.ro\/stiri\/wp-content\/uploads\/2023\/01\/WhatsApp-Image-2023-01-02-at-11.58.49-1.jpeg 1284w\" sizes=\"auto, (max-width: 583px) 100vw, 583px\" \/><\/a>O<!--more--> femeie \u0219i fiul acesteia au avut nevoie de \u00eengrijiri medicale \u00een urma unui accident rutier ce s-a produs, \u00een aceast\u0103 diminea\u0163\u0103, pe DJ 503, la ie\u0219ire din municipiul Giurgiu, potrivit ISU.<\/strong><\/p>\n<p style=\"text-align: justify;\">\u00cen eveniment a fost implicat un singur autoturism, g\u0103sit \u00een afara p\u0103r\u021bii carosabile.<\/p>\n<p><a href=\"https:\/\/www.giurgiuveanul.ro\/stiri\/wp-content\/uploads\/2023\/01\/WhatsApp-Image-2023-01-02-at-11.58.53.jpeg\"><img loading=\"lazy\" decoding=\"async\" class=\"aligncenter wp-image-94627\" src=\"https:\/\/www.giurgiuveanul.ro\/stiri\/wp-content\/uploads\/2023\/01\/WhatsApp-Image-2023-01-02-at-11.58.53-560x360.jpeg\" alt=\"\" width=\"569\" height=\"366\" srcset=\"https:\/\/www.giurgiuveanul.ro\/stiri\/wp-content\/uploads\/2023\/01\/WhatsApp-Image-2023-01-02-at-11.58.53-560x360.jpeg 560w, https:\/\/www.giurgiuveanul.ro\/stiri\/wp-content\/uploads\/2023\/01\/WhatsApp-Image-2023-01-02-at-11.58.53-250x161.jpeg 250w, https:\/\/www.giurgiuveanul.ro\/stiri\/wp-content\/uploads\/2023\/01\/WhatsApp-Image-2023-01-02-at-11.58.53-768x494.jpeg 768w, https:\/\/www.giurgiuveanul.ro\/stiri\/wp-content\/uploads\/2023\/01\/WhatsApp-Image-2023-01-02-at-11.58.53-400x257.jpeg 400w, https:\/\/www.giurgiuveanul.ro\/stiri\/wp-content\/uploads\/2023\/01\/WhatsApp-Image-2023-01-02-at-11.58.53.jpeg 1377w\" sizes=\"auto, (max-width: 569px) 100vw, 569px\" \/><\/a><\/p>\n<p style=\"text-align: justify;\">La fa\u021ba locului s-au deplasat pompierii din cadrul Deta\u0219amentului Giurgiu, cu o descarcerare, o autospecial\u0103 de stingere \u0219i dou\u0103 ambulan\u021be SAJ.<\/p>\n<p style=\"text-align: justify;\">Conduc\u0103toarea auto, \u00een v\u00e2rst\u0103 de 37 de ani \u0219i pasagerul, \u00een v\u00e2rst\u0103 de 14 ani, s-au autoevacuat. Cele dou\u0103 persoane au fost preluate de ambulan\u021be \u0219i transportate la spital.<\/p>\n<p style=\"text-align: justify;\">Pompierii au asigurat m\u0103surile de prevenire a incendiilor, prin deconectarea bornelor de la bateria autoturismului.<\/p>\n<p style=\"text-align: justify;\">Cazul a r\u0103mas \u00een aten\u021bia Poli\u021biei pentru cercet\u0103ri.<\/p>\n","protected":false},"excerpt":{"rendered":"<p>O<\/p>\n","protected":false},"author":1,"featured_media":0,"comment_status":"open","ping_status":"open","sticky":false,"template":"","format":"standard","meta":{"footnotes":""},"categories":[6],"tags":[],"class_list":["post-94625","post","type-post","status-publish","format-standard","hentry","category-breaking-news"],"_links":{"self":[{"href":"https:\/\/www.giurgiuveanul.ro\/stiri\/wp-json\/wp\/v2\/posts\/94625","targetHints":{"allow":["GET"]}}],"collection":[{"href":"https:\/\/www.giurgiuveanul.ro\/stiri\/wp-json\/wp\/v2\/posts"}],"about":[{"href":"https:\/\/www.giurgiuveanul.ro\/stiri\/wp-json\/wp\/v2\/types\/post"}],"author":[{"embeddable":true,"href":"https:\/\/www.giurgiuveanul.ro\/stiri\/wp-json\/wp\/v2\/users\/1"}],"replies":[{"embeddable":true,"href":"https:\/\/www.giurgiuveanul.ro\/stiri\/wp-json\/wp\/v2\/comments?post=94625"}],"version-history":[{"count":0,"href":"https:\/\/www.giurgiuveanul.ro\/stiri\/wp-json\/wp\/v2\/posts\/94625\/revisions"}],"wp:attachment":[{"href":"https:\/\/www.giurgiuveanul.ro\/stiri\/wp-json\/wp\/v2\/media?parent=94625"}],"wp:term":[{"taxonomy":"category","embeddable":true,"href":"https:\/\/www.giurgiuveanul.ro\/stiri\/wp-json\/wp\/v2\/categories?post=94625"},{"taxonomy":"post_tag","embeddable":true,"href":"https:\/\/www.giurgiuveanul.ro\/stiri\/wp-json\/wp\/v2\/tags?post=94625"}],"curies":[{"name":"wp","href":"https:\/\/api.w.org\/{rel}","templated":true}]}}