{"id":94659,"date":"2023-01-04T17:36:07","date_gmt":"2023-01-04T15:36:07","guid":{"rendered":"https:\/\/www.giurgiuveanul.ro\/stiri\/?p=94659"},"modified":"2023-01-04T17:53:28","modified_gmt":"2023-01-04T15:53:28","slug":"acum-tanarul-giurgiuvean-care-a-tras-azi-noapte-mai-multe-focuri-de-arma-saltat-de-mascati-foto","status":"publish","type":"post","link":"https:\/\/www.giurgiuveanul.ro\/stiri\/acum-tanarul-giurgiuvean-care-a-tras-azi-noapte-mai-multe-focuri-de-arma-saltat-de-mascati-foto\/","title":{"rendered":"ACUM. T\u00e2n\u0103rul giurgiuvean care a tras azi-noapte mai multe focuri de arm\u0103, s\u0103ltat de masca\u0163i (FOTO)"},"content":{"rendered":"<p style=\"text-align: justify;\"><a href=\"https:\/\/www.giurgiuveanul.ro\/stiri\/wp-content\/uploads\/2023\/01\/IMG_3915.jpg\"><img loading=\"lazy\" decoding=\"async\" class=\"aligncenter wp-image-94660\" src=\"https:\/\/www.giurgiuveanul.ro\/stiri\/wp-content\/uploads\/2023\/01\/IMG_3915-451x450.jpg\" alt=\"\" width=\"576\" height=\"575\" srcset=\"https:\/\/www.giurgiuveanul.ro\/stiri\/wp-content\/uploads\/2023\/01\/IMG_3915-451x450.jpg 451w, https:\/\/www.giurgiuveanul.ro\/stiri\/wp-content\/uploads\/2023\/01\/IMG_3915-250x250.jpg 250w, https:\/\/www.giurgiuveanul.ro\/stiri\/wp-content\/uploads\/2023\/01\/IMG_3915-768x766.jpg 768w, https:\/\/www.giurgiuveanul.ro\/stiri\/wp-content\/uploads\/2023\/01\/IMG_3915-200x200.jpg 200w, https:\/\/www.giurgiuveanul.ro\/stiri\/wp-content\/uploads\/2023\/01\/IMG_3915-400x399.jpg 400w, https:\/\/www.giurgiuveanul.ro\/stiri\/wp-content\/uploads\/2023\/01\/IMG_3915.jpg 1300w\" sizes=\"auto, (max-width: 576px) 100vw, 576px\" \/><\/a>T\u00e2n\u0103rul giurgiuvean care<!--more--> a tras azi-noapte mai multe focuri de arm\u0103, chiar \u0219i \u00een prezen\u021ba poli\u021bi\u0219tilor, a fost ridicat, \u00een urm\u0103 cu pu\u0163in timp, de poli\u0163i\u015ftii de la Serviciul de Ac\u0163iuni Speciale \u015fi dus la audieri.<\/p>\n<p style=\"text-align: justify;\">Vom reveni cu am\u0103nunte.<\/p>\n","protected":false},"excerpt":{"rendered":"<p>T\u00e2n\u0103rul giurgiuvean care<\/p>\n","protected":false},"author":1,"featured_media":0,"comment_status":"open","ping_status":"open","sticky":false,"template":"","format":"standard","meta":{"footnotes":""},"categories":[6],"tags":[],"class_list":["post-94659","post","type-post","status-publish","format-standard","hentry","category-breaking-news"],"_links":{"self":[{"href":"https:\/\/www.giurgiuveanul.ro\/stiri\/wp-json\/wp\/v2\/posts\/94659","targetHints":{"allow":["GET"]}}],"collection":[{"href":"https:\/\/www.giurgiuveanul.ro\/stiri\/wp-json\/wp\/v2\/posts"}],"about":[{"href":"https:\/\/www.giurgiuveanul.ro\/stiri\/wp-json\/wp\/v2\/types\/post"}],"author":[{"embeddable":true,"href":"https:\/\/www.giurgiuveanul.ro\/stiri\/wp-json\/wp\/v2\/users\/1"}],"replies":[{"embeddable":true,"href":"https:\/\/www.giurgiuveanul.ro\/stiri\/wp-json\/wp\/v2\/comments?post=94659"}],"version-history":[{"count":0,"href":"https:\/\/www.giurgiuveanul.ro\/stiri\/wp-json\/wp\/v2\/posts\/94659\/revisions"}],"wp:attachment":[{"href":"https:\/\/www.giurgiuveanul.ro\/stiri\/wp-json\/wp\/v2\/media?parent=94659"}],"wp:term":[{"taxonomy":"category","embeddable":true,"href":"https:\/\/www.giurgiuveanul.ro\/stiri\/wp-json\/wp\/v2\/categories?post=94659"},{"taxonomy":"post_tag","embeddable":true,"href":"https:\/\/www.giurgiuveanul.ro\/stiri\/wp-json\/wp\/v2\/tags?post=94659"}],"curies":[{"name":"wp","href":"https:\/\/api.w.org\/{rel}","templated":true}]}}