{"id":94665,"date":"2023-01-05T09:23:43","date_gmt":"2023-01-05T07:23:43","guid":{"rendered":"https:\/\/www.giurgiuveanul.ro\/stiri\/?p=94665"},"modified":"2023-01-05T09:25:10","modified_gmt":"2023-01-05T07:25:10","slug":"inspectoratul-de-politie-judetean-giurgiu-comunicat-de-presa-privind-retinerea-giurgiuveanului-care-a-tras-mai-multe-focuri-de-arma","status":"publish","type":"post","link":"https:\/\/www.giurgiuveanul.ro\/stiri\/inspectoratul-de-politie-judetean-giurgiu-comunicat-de-presa-privind-retinerea-giurgiuveanului-care-a-tras-mai-multe-focuri-de-arma\/","title":{"rendered":"Inspectoratul de Poli\u0163ie Jude\u0163ean Giurgiu, comunicat de pres\u0103 privind re\u0163inerea giurgiuveanului care a tras mai multe focuri de arm\u0103"},"content":{"rendered":"<p style=\"text-align: justify;\"><a href=\"https:\/\/www.giurgiuveanul.ro\/stiri\/wp-content\/uploads\/2023\/01\/WhatsApp-Image-2023-01-04-at-13.14.47.jpeg\"><img loading=\"lazy\" decoding=\"async\" class=\"aligncenter wp-image-94666\" src=\"https:\/\/www.giurgiuveanul.ro\/stiri\/wp-content\/uploads\/2023\/01\/WhatsApp-Image-2023-01-04-at-13.14.47-286x450.jpeg\" alt=\"\" width=\"578\" height=\"910\" srcset=\"https:\/\/www.giurgiuveanul.ro\/stiri\/wp-content\/uploads\/2023\/01\/WhatsApp-Image-2023-01-04-at-13.14.47-286x450.jpeg 286w, https:\/\/www.giurgiuveanul.ro\/stiri\/wp-content\/uploads\/2023\/01\/WhatsApp-Image-2023-01-04-at-13.14.47-190x300.jpeg 190w, https:\/\/www.giurgiuveanul.ro\/stiri\/wp-content\/uploads\/2023\/01\/WhatsApp-Image-2023-01-04-at-13.14.47-381x600.jpeg 381w, https:\/\/www.giurgiuveanul.ro\/stiri\/wp-content\/uploads\/2023\/01\/WhatsApp-Image-2023-01-04-at-13.14.47.jpeg 473w\" sizes=\"auto, (max-width: 578px) 100vw, 578px\" \/><\/a>La data de 4 ianuarie a.c., poli\u021bi\u0219tii Serviciului Arme, Explozivi \u0219i Substan\u021be Periculoase, \u00eempreun\u0103 cu poli\u021bi\u0219tii Serviciului Ac\u021biuni Speciale \u0219i cei ai Serviciului Criminalistic, sub<!--more--> coordonarea procurorului din cadrul Parchetului de pe l\u00e2ng\u0103 Judec\u0103toria Giurgiu, au pus \u00een executare un mandat de perchezi\u021bie domiciliar\u0103, la locuin\u021ba unui b\u0103rbat, de 33 de ani, din municipiul Giurgiu, b\u0103nuit de s\u0103v\u00e2r\u0219irea infrac\u021biunilor de nerespectarea regimului armelor \u0219i muni\u021biilor- de\u021binerea sau portul f\u0103r\u0103 drept de arme neletale \u0219i uzul de arm\u0103 neletal\u0103 din categoria celor supuse autoriz\u0103rii, f\u0103r\u0103 drept.<\/p>\n<p style=\"text-align: justify;\">\u00cen fapt, \u00een noaptea de 3 spre 4 ianuarie a.c., b\u0103rbatul \u00een cauz\u0103 ar fi tras cu o arm\u0103 neletal\u0103, mai multe focuri de arm\u0103, de la fereastra locuin\u021bei \u00een care acesta locuia.<\/p>\n<p><a href=\"https:\/\/www.giurgiuveanul.ro\/stiri\/wp-content\/uploads\/2023\/01\/WhatsApp-Image-2023-01-04-at-16.37.27.jpeg\"><img loading=\"lazy\" decoding=\"async\" class=\"aligncenter wp-image-94668\" src=\"https:\/\/www.giurgiuveanul.ro\/stiri\/wp-content\/uploads\/2023\/01\/WhatsApp-Image-2023-01-04-at-16.37.27-520x450.jpeg\" alt=\"\" width=\"569\" height=\"492\" srcset=\"https:\/\/www.giurgiuveanul.ro\/stiri\/wp-content\/uploads\/2023\/01\/WhatsApp-Image-2023-01-04-at-16.37.27-520x450.jpeg 520w, https:\/\/www.giurgiuveanul.ro\/stiri\/wp-content\/uploads\/2023\/01\/WhatsApp-Image-2023-01-04-at-16.37.27-250x216.jpeg 250w, https:\/\/www.giurgiuveanul.ro\/stiri\/wp-content\/uploads\/2023\/01\/WhatsApp-Image-2023-01-04-at-16.37.27-400x346.jpeg 400w, https:\/\/www.giurgiuveanul.ro\/stiri\/wp-content\/uploads\/2023\/01\/WhatsApp-Image-2023-01-04-at-16.37.27.jpeg 654w\" sizes=\"auto, (max-width: 569px) 100vw, 569px\" \/><\/a><\/p>\n<p style=\"text-align: justify;\">\u00cen urma efectu\u0103rii perchezi\u021biei \u0219i a cercet\u0103rilor efectuate, au fost descoperite \u015fase tuburi de cartu\u0219 calibru 9 mm, neletal, cu gaz, percutate \u0219i o arm\u0103 neletal\u0103 supus\u0103 autoriz\u0103rii, de\u021binut\u0103 f\u0103r\u0103 drept.<\/p>\n<p style=\"text-align: justify;\">Pe baza probatoriului administrat, b\u0103rbatul a fost re\u021binut, pentru 24 de ore, urm\u00e2nd ca la data de 5 ianuarie a.c., acesta s\u0103 fie prezentat unit\u0103\u021bii de parchet competente, cu propuneri procedurale.<\/p>\n","protected":false},"excerpt":{"rendered":"<p>La data de 4 ianuarie a.c., poli\u021bi\u0219tii Serviciului Arme, Explozivi \u0219i Substan\u021be Periculoase, \u00eempreun\u0103 cu poli\u021bi\u0219tii Serviciului Ac\u021biuni Speciale \u0219i cei ai Serviciului Criminalistic, sub<\/p>\n","protected":false},"author":1,"featured_media":0,"comment_status":"open","ping_status":"open","sticky":false,"template":"","format":"standard","meta":{"footnotes":""},"categories":[6],"tags":[],"class_list":["post-94665","post","type-post","status-publish","format-standard","hentry","category-breaking-news"],"_links":{"self":[{"href":"https:\/\/www.giurgiuveanul.ro\/stiri\/wp-json\/wp\/v2\/posts\/94665","targetHints":{"allow":["GET"]}}],"collection":[{"href":"https:\/\/www.giurgiuveanul.ro\/stiri\/wp-json\/wp\/v2\/posts"}],"about":[{"href":"https:\/\/www.giurgiuveanul.ro\/stiri\/wp-json\/wp\/v2\/types\/post"}],"author":[{"embeddable":true,"href":"https:\/\/www.giurgiuveanul.ro\/stiri\/wp-json\/wp\/v2\/users\/1"}],"replies":[{"embeddable":true,"href":"https:\/\/www.giurgiuveanul.ro\/stiri\/wp-json\/wp\/v2\/comments?post=94665"}],"version-history":[{"count":0,"href":"https:\/\/www.giurgiuveanul.ro\/stiri\/wp-json\/wp\/v2\/posts\/94665\/revisions"}],"wp:attachment":[{"href":"https:\/\/www.giurgiuveanul.ro\/stiri\/wp-json\/wp\/v2\/media?parent=94665"}],"wp:term":[{"taxonomy":"category","embeddable":true,"href":"https:\/\/www.giurgiuveanul.ro\/stiri\/wp-json\/wp\/v2\/categories?post=94665"},{"taxonomy":"post_tag","embeddable":true,"href":"https:\/\/www.giurgiuveanul.ro\/stiri\/wp-json\/wp\/v2\/tags?post=94665"}],"curies":[{"name":"wp","href":"https:\/\/api.w.org\/{rel}","templated":true}]}}