{"id":94677,"date":"2023-01-05T16:32:42","date_gmt":"2023-01-05T14:32:42","guid":{"rendered":"https:\/\/www.giurgiuveanul.ro\/stiri\/?p=94677"},"modified":"2023-01-05T16:33:20","modified_gmt":"2023-01-05T14:33:20","slug":"inspectoratul-de-politie-judetean-giurgiu-arest-preventiv-pentru-30-de-zile-pentru-giurgiuveanul-care-a-tras-mai-multe-focuri-de-arma","status":"publish","type":"post","link":"https:\/\/www.giurgiuveanul.ro\/stiri\/inspectoratul-de-politie-judetean-giurgiu-arest-preventiv-pentru-30-de-zile-pentru-giurgiuveanul-care-a-tras-mai-multe-focuri-de-arma\/","title":{"rendered":"Inspectoratul de Poli\u0163ie Jude\u0163ean Giurgiu: Arest preventiv pentru 30 de zile pentru giurgiuveanul care a tras mai multe focuri de arm\u0103"},"content":{"rendered":"<p style=\"text-align: justify;\"><a href=\"https:\/\/www.giurgiuveanul.ro\/stiri\/wp-content\/uploads\/2023\/01\/Yzk0YzJjZTgwNWY4YTg4YTJhMmQ1YzFkMDc.thumb_.jpg\"><img loading=\"lazy\" decoding=\"async\" class=\"aligncenter wp-image-94678\" src=\"https:\/\/www.giurgiuveanul.ro\/stiri\/wp-content\/uploads\/2023\/01\/Yzk0YzJjZTgwNWY4YTg4YTJhMmQ1YzFkMDc.thumb_-560x420.jpg\" alt=\"\" width=\"581\" height=\"436\" srcset=\"https:\/\/www.giurgiuveanul.ro\/stiri\/wp-content\/uploads\/2023\/01\/Yzk0YzJjZTgwNWY4YTg4YTJhMmQ1YzFkMDc.thumb_-560x420.jpg 560w, https:\/\/www.giurgiuveanul.ro\/stiri\/wp-content\/uploads\/2023\/01\/Yzk0YzJjZTgwNWY4YTg4YTJhMmQ1YzFkMDc.thumb_-250x188.jpg 250w, https:\/\/www.giurgiuveanul.ro\/stiri\/wp-content\/uploads\/2023\/01\/Yzk0YzJjZTgwNWY4YTg4YTJhMmQ1YzFkMDc.thumb_-400x300.jpg 400w, https:\/\/www.giurgiuveanul.ro\/stiri\/wp-content\/uploads\/2023\/01\/Yzk0YzJjZTgwNWY4YTg4YTJhMmQ1YzFkMDc.thumb_.jpg 640w\" sizes=\"auto, (max-width: 581px) 100vw, 581px\" \/><\/a>Ast\u0103zi, 5 ianuarie a.c., instan\u021ba de judecat\u0103<!--more--> a dispus fa\u021b\u0103 de giurgiuveanul care a tras mai multe focuri de arm\u0103 m\u0103sura arest\u0103rii preventive, pentru 30 de zile.<\/p>\n<p style=\"text-align: justify;\">Informa\u0163ia ne-a fost trasnmis\u0103, \u00een urm\u0103 cu pu\u0163in timp, de Inspectoratul de Poli\u0163ie Jude\u0163ean Giurgiu.<\/p>\n","protected":false},"excerpt":{"rendered":"<p>Ast\u0103zi, 5 ianuarie a.c., instan\u021ba de judecat\u0103<\/p>\n","protected":false},"author":1,"featured_media":0,"comment_status":"open","ping_status":"open","sticky":false,"template":"","format":"standard","meta":{"footnotes":""},"categories":[6],"tags":[],"class_list":["post-94677","post","type-post","status-publish","format-standard","hentry","category-breaking-news"],"_links":{"self":[{"href":"https:\/\/www.giurgiuveanul.ro\/stiri\/wp-json\/wp\/v2\/posts\/94677","targetHints":{"allow":["GET"]}}],"collection":[{"href":"https:\/\/www.giurgiuveanul.ro\/stiri\/wp-json\/wp\/v2\/posts"}],"about":[{"href":"https:\/\/www.giurgiuveanul.ro\/stiri\/wp-json\/wp\/v2\/types\/post"}],"author":[{"embeddable":true,"href":"https:\/\/www.giurgiuveanul.ro\/stiri\/wp-json\/wp\/v2\/users\/1"}],"replies":[{"embeddable":true,"href":"https:\/\/www.giurgiuveanul.ro\/stiri\/wp-json\/wp\/v2\/comments?post=94677"}],"version-history":[{"count":0,"href":"https:\/\/www.giurgiuveanul.ro\/stiri\/wp-json\/wp\/v2\/posts\/94677\/revisions"}],"wp:attachment":[{"href":"https:\/\/www.giurgiuveanul.ro\/stiri\/wp-json\/wp\/v2\/media?parent=94677"}],"wp:term":[{"taxonomy":"category","embeddable":true,"href":"https:\/\/www.giurgiuveanul.ro\/stiri\/wp-json\/wp\/v2\/categories?post=94677"},{"taxonomy":"post_tag","embeddable":true,"href":"https:\/\/www.giurgiuveanul.ro\/stiri\/wp-json\/wp\/v2\/tags?post=94677"}],"curies":[{"name":"wp","href":"https:\/\/api.w.org\/{rel}","templated":true}]}}