{"id":94735,"date":"2023-01-07T15:58:08","date_gmt":"2023-01-07T13:58:08","guid":{"rendered":"https:\/\/www.giurgiuveanul.ro\/stiri\/?p=94735"},"modified":"2023-01-07T15:58:21","modified_gmt":"2023-01-07T13:58:21","slug":"inspectoratul-de-politie-judetean-actiune-a-politistilor-giurgiuveni-pentru-mentinerea-unui-climat-optim-de-siguranta-publica","status":"publish","type":"post","link":"https:\/\/www.giurgiuveanul.ro\/stiri\/inspectoratul-de-politie-judetean-actiune-a-politistilor-giurgiuveni-pentru-mentinerea-unui-climat-optim-de-siguranta-publica\/","title":{"rendered":"Inspectoratul de Poli\u0163ie Jude\u0163ean. Ac\u021biune a poli\u021bi\u0219tilor giurgiuveni, pentru men\u021binerea unui climat optim de siguran\u021b\u0103 public\u0103"},"content":{"rendered":"<p style=\"text-align: justify;\"><strong><a href=\"https:\/\/www.giurgiuveanul.ro\/stiri\/wp-content\/uploads\/2022\/12\/WhatsApp-Image-2022-12-25-at-11.36.16.jpeg\"><img loading=\"lazy\" decoding=\"async\" class=\"aligncenter wp-image-94433\" src=\"https:\/\/www.giurgiuveanul.ro\/stiri\/wp-content\/uploads\/2022\/12\/WhatsApp-Image-2022-12-25-at-11.36.16-560x419.jpeg\" alt=\"\" width=\"586\" height=\"439\" srcset=\"https:\/\/www.giurgiuveanul.ro\/stiri\/wp-content\/uploads\/2022\/12\/WhatsApp-Image-2022-12-25-at-11.36.16-560x419.jpeg 560w, https:\/\/www.giurgiuveanul.ro\/stiri\/wp-content\/uploads\/2022\/12\/WhatsApp-Image-2022-12-25-at-11.36.16-250x187.jpeg 250w, https:\/\/www.giurgiuveanul.ro\/stiri\/wp-content\/uploads\/2022\/12\/WhatsApp-Image-2022-12-25-at-11.36.16-768x574.jpeg 768w, https:\/\/www.giurgiuveanul.ro\/stiri\/wp-content\/uploads\/2022\/12\/WhatsApp-Image-2022-12-25-at-11.36.16-1536x1148.jpeg 1536w, https:\/\/www.giurgiuveanul.ro\/stiri\/wp-content\/uploads\/2022\/12\/WhatsApp-Image-2022-12-25-at-11.36.16-400x299.jpeg 400w, https:\/\/www.giurgiuveanul.ro\/stiri\/wp-content\/uploads\/2022\/12\/WhatsApp-Image-2022-12-25-at-11.36.16.jpeg 1600w\" sizes=\"auto, (max-width: 586px) 100vw, 586px\" \/><\/a>\u00cen ultimele 24 de ore, poli\u021bi\u0219tii giurgiuveni,<!--more--> din cadrul structurilor de ordine public\u0103 \u0219i rutier au ac\u021bionat, pe principalele artere rutiere din jude\u021b, pentru prevenirea \u0219i combaterea faptelor comise cu violen\u021b\u0103 \u0219i a faptelor contra patrimoniului, dar \u0219i a cauzelor generatoare de accidente rutiere.<\/strong><\/p>\n<p style=\"text-align: justify;\">Poli\u021bi\u0219tii giurgiuveni au aplicat 41 de sanc\u021biuni contraven\u021bionale, \u00een valoare de 34.975 lei dintre care 18 au fost aplicate pentru nerespectarea prevederilor Legii nr. 61\/1991, 19 pentru nerespectarea prevederilor O.U.G. 195\/2002 \u0219i 4 pentru alte abateri.<\/p>\n<p style=\"text-align: justify;\">Pe parcursul desf\u0103\u0219ur\u0103rii activit\u0103\u021bilor, au fost legitimate 115 persoane, verificate 7 societ\u0103\u021bi comerciale \u0219i 55 de autovehicule, fiind re\u021binut 1 permis de conducere \u0219i retrase 2 certificate de \u00eenmatriculare.<\/p>\n<p style=\"text-align: justify;\">De asemenea, poli\u021bi\u0219tii giurgiuveni au constatat \u00een flagrant delict 2 infrac\u021biuni la regimul rutier:<\/p>\n<p style=\"text-align: justify;\">La data de 6 ianuarie a.c, pe D.J. 401A, \u00een localitatea Bolintin Deal, jude\u021bul Giurgiu, a fost depistat un b\u0103rbat, de 41 de ani, din aceea\u0219i localitate, \u00een timp ce conducea un autoturism, av\u00e2nd dreptul de a conduce suspendat. \u00cen cauz\u0103, a fost \u00eentocmit un dosar penal sub aspectul s\u0103v\u00e2r\u0219irii infractiunii de conducerea unui autovehicul pe drumurile publice av\u00e2nd dreptul de a conduce suspendat.<\/p>\n<p style=\"text-align: center;\"><strong>***<\/strong><\/p>\n<p style=\"text-align: justify;\">La data de 6 ianuarie a.c, pe D.C.142, \u00een localitatea Copaciu, jude\u021bul Giurgiu, un b\u0103rbat, de 44 de ani, din comuna Ghimpa\u021bi a condus un autoturism, f\u0103r\u0103 a poseda permis de conducere pentru nici o categorie de vehicule. De asemenea, \u00een urma verific\u0103rilor efectuate, s-a constatat faptul c\u0103 autoturismul condus era ne\u00eenmatriculat.\u00a0 \u00cen cauz\u0103, a fost \u00eentocmit un dosar penal sub aspectul s\u0103v\u00e2r\u0219irii infrac\u021biunilor de conducerea unui vehicul f\u0103r\u0103 a poseda permis de conducere \u0219i punerea \u00een circula\u021bie sau conducerea unui vehicul ne\u00eenmatriculat.<\/p>\n<p style=\"text-align: justify;\">\n","protected":false},"excerpt":{"rendered":"<p>\u00cen ultimele 24 de ore, poli\u021bi\u0219tii giurgiuveni,<\/p>\n","protected":false},"author":1,"featured_media":0,"comment_status":"open","ping_status":"open","sticky":false,"template":"","format":"standard","meta":{"footnotes":""},"categories":[6],"tags":[],"class_list":["post-94735","post","type-post","status-publish","format-standard","hentry","category-breaking-news"],"_links":{"self":[{"href":"https:\/\/www.giurgiuveanul.ro\/stiri\/wp-json\/wp\/v2\/posts\/94735","targetHints":{"allow":["GET"]}}],"collection":[{"href":"https:\/\/www.giurgiuveanul.ro\/stiri\/wp-json\/wp\/v2\/posts"}],"about":[{"href":"https:\/\/www.giurgiuveanul.ro\/stiri\/wp-json\/wp\/v2\/types\/post"}],"author":[{"embeddable":true,"href":"https:\/\/www.giurgiuveanul.ro\/stiri\/wp-json\/wp\/v2\/users\/1"}],"replies":[{"embeddable":true,"href":"https:\/\/www.giurgiuveanul.ro\/stiri\/wp-json\/wp\/v2\/comments?post=94735"}],"version-history":[{"count":0,"href":"https:\/\/www.giurgiuveanul.ro\/stiri\/wp-json\/wp\/v2\/posts\/94735\/revisions"}],"wp:attachment":[{"href":"https:\/\/www.giurgiuveanul.ro\/stiri\/wp-json\/wp\/v2\/media?parent=94735"}],"wp:term":[{"taxonomy":"category","embeddable":true,"href":"https:\/\/www.giurgiuveanul.ro\/stiri\/wp-json\/wp\/v2\/categories?post=94735"},{"taxonomy":"post_tag","embeddable":true,"href":"https:\/\/www.giurgiuveanul.ro\/stiri\/wp-json\/wp\/v2\/tags?post=94735"}],"curies":[{"name":"wp","href":"https:\/\/api.w.org\/{rel}","templated":true}]}}