{"id":94742,"date":"2023-01-08T15:37:21","date_gmt":"2023-01-08T13:37:21","guid":{"rendered":"https:\/\/www.giurgiuveanul.ro\/stiri\/?p=94742"},"modified":"2023-01-08T15:42:07","modified_gmt":"2023-01-08T13:42:07","slug":"dialog-intre-generatii-la-centrul-pentru-persoane-varstnice-oncesti","status":"publish","type":"post","link":"https:\/\/www.giurgiuveanul.ro\/stiri\/dialog-intre-generatii-la-centrul-pentru-persoane-varstnice-oncesti\/","title":{"rendered":"DIALOG \u00ceNTRE GENERA\u021aII la Centrul pentru persoane v\u00e2rstnice Once\u0219ti"},"content":{"rendered":"<p style=\"text-align: justify;\"><a href=\"https:\/\/www.giurgiuveanul.ro\/stiri\/wp-content\/uploads\/2023\/01\/1-2-scaled.jpg\"><img loading=\"lazy\" decoding=\"async\" class=\"aligncenter wp-image-94743\" src=\"https:\/\/www.giurgiuveanul.ro\/stiri\/wp-content\/uploads\/2023\/01\/1-2-450x450.jpg\" alt=\"\" width=\"578\" height=\"578\" srcset=\"https:\/\/www.giurgiuveanul.ro\/stiri\/wp-content\/uploads\/2023\/01\/1-2-450x450.jpg 450w, https:\/\/www.giurgiuveanul.ro\/stiri\/wp-content\/uploads\/2023\/01\/1-2-250x250.jpg 250w, https:\/\/www.giurgiuveanul.ro\/stiri\/wp-content\/uploads\/2023\/01\/1-2-768x768.jpg 768w, https:\/\/www.giurgiuveanul.ro\/stiri\/wp-content\/uploads\/2023\/01\/1-2-1536x1536.jpg 1536w, https:\/\/www.giurgiuveanul.ro\/stiri\/wp-content\/uploads\/2023\/01\/1-2-2048x2048.jpg 2048w, https:\/\/www.giurgiuveanul.ro\/stiri\/wp-content\/uploads\/2023\/01\/1-2-200x200.jpg 200w, https:\/\/www.giurgiuveanul.ro\/stiri\/wp-content\/uploads\/2023\/01\/1-2-400x400.jpg 400w\" sizes=\"auto, (max-width: 578px) 100vw, 578px\" \/><\/a>Un grup de<!--more--> copii afla\u021bi \u00een plasament la dou\u0103 case de tip familial din Giurgiu au fost \u00een data de 6 ianuarie 2023 , \u00een vizit\u0103 la v\u00eerstnicii beneficiari de servicii sociale la c\u0103minul din localitatea Once\u0219ti.<\/p>\n<p style=\"text-align: justify;\">Scopul vizitei a fost derularea unei prime activit\u0103\u021bi de socializare \u00eentre copii din sistemul de protec\u021bie special\u0103\u00a0 \u0219i persoane v\u00e2rstnice institu\u021bionalizate.<\/p>\n<p style=\"text-align: justify;\"><strong>Ini\u021biativa derul\u0103rii unor astfel de ac\u021biuni apar\u021bine doamnelor Adina Bodeanu, Cristina Corbu, Ana Maria \u021a\u00eerc\u0103, psihologi \u00een cadrul Direc\u021biei Generale de Asisten\u021b\u0103 Social\u0103 \u0219i Protec\u021bia Copilului Giurgiu,<\/strong> care \u0219i-au propus, prin acest proiect, s\u0103\u00a0 \u00eembun\u0103t\u0103\u021beasc\u0103 calitatea vie\u021bii persoanelor v\u00e2rstnice institu\u021bionalizate \u0219i s\u0103 diversifice activit\u0103\u021bile desf\u0103\u0219urate de copii \u00een timpul liber.<\/p>\n<p><a href=\"https:\/\/www.giurgiuveanul.ro\/stiri\/wp-content\/uploads\/2023\/01\/2-3.jpg\"><img loading=\"lazy\" decoding=\"async\" class=\"aligncenter  wp-image-94747\" src=\"https:\/\/www.giurgiuveanul.ro\/stiri\/wp-content\/uploads\/2023\/01\/2-3-227x450.jpg\" alt=\"\" width=\"568\" height=\"1126\" srcset=\"https:\/\/www.giurgiuveanul.ro\/stiri\/wp-content\/uploads\/2023\/01\/2-3-227x450.jpg 227w, https:\/\/www.giurgiuveanul.ro\/stiri\/wp-content\/uploads\/2023\/01\/2-3-151x300.jpg 151w, https:\/\/www.giurgiuveanul.ro\/stiri\/wp-content\/uploads\/2023\/01\/2-3-768x1523.jpg 768w, https:\/\/www.giurgiuveanul.ro\/stiri\/wp-content\/uploads\/2023\/01\/2-3-774x1536.jpg 774w, https:\/\/www.giurgiuveanul.ro\/stiri\/wp-content\/uploads\/2023\/01\/2-3-303x600.jpg 303w, https:\/\/www.giurgiuveanul.ro\/stiri\/wp-content\/uploads\/2023\/01\/2-3.jpg 897w\" sizes=\"auto, (max-width: 568px) 100vw, 568px\" \/><\/a> <a href=\"https:\/\/www.giurgiuveanul.ro\/stiri\/wp-content\/uploads\/2023\/01\/3-3.jpg\"><img loading=\"lazy\" decoding=\"async\" class=\"aligncenter  wp-image-94748\" src=\"https:\/\/www.giurgiuveanul.ro\/stiri\/wp-content\/uploads\/2023\/01\/3-3-560x351.jpg\" alt=\"\" width=\"563\" height=\"353\" srcset=\"https:\/\/www.giurgiuveanul.ro\/stiri\/wp-content\/uploads\/2023\/01\/3-3-560x351.jpg 560w, https:\/\/www.giurgiuveanul.ro\/stiri\/wp-content\/uploads\/2023\/01\/3-3-250x157.jpg 250w, https:\/\/www.giurgiuveanul.ro\/stiri\/wp-content\/uploads\/2023\/01\/3-3-768x481.jpg 768w, https:\/\/www.giurgiuveanul.ro\/stiri\/wp-content\/uploads\/2023\/01\/3-3-400x251.jpg 400w, https:\/\/www.giurgiuveanul.ro\/stiri\/wp-content\/uploads\/2023\/01\/3-3.jpg 1395w\" sizes=\"auto, (max-width: 563px) 100vw, 563px\" \/><\/a> <a href=\"https:\/\/www.giurgiuveanul.ro\/stiri\/wp-content\/uploads\/2023\/01\/4-2.jpg\"><img loading=\"lazy\" decoding=\"async\" class=\"aligncenter  wp-image-94749\" src=\"https:\/\/www.giurgiuveanul.ro\/stiri\/wp-content\/uploads\/2023\/01\/4-2-469x450.jpg\" alt=\"\" width=\"563\" height=\"540\" srcset=\"https:\/\/www.giurgiuveanul.ro\/stiri\/wp-content\/uploads\/2023\/01\/4-2-469x450.jpg 469w, https:\/\/www.giurgiuveanul.ro\/stiri\/wp-content\/uploads\/2023\/01\/4-2-250x240.jpg 250w, https:\/\/www.giurgiuveanul.ro\/stiri\/wp-content\/uploads\/2023\/01\/4-2-400x384.jpg 400w, https:\/\/www.giurgiuveanul.ro\/stiri\/wp-content\/uploads\/2023\/01\/4-2.jpg 690w\" sizes=\"auto, (max-width: 563px) 100vw, 563px\" \/><\/a> <a href=\"https:\/\/www.giurgiuveanul.ro\/stiri\/wp-content\/uploads\/2023\/01\/5-3.jpg\"><img loading=\"lazy\" decoding=\"async\" class=\"aligncenter  wp-image-94750\" src=\"https:\/\/www.giurgiuveanul.ro\/stiri\/wp-content\/uploads\/2023\/01\/5-3-560x308.jpg\" alt=\"\" width=\"562\" height=\"309\" srcset=\"https:\/\/www.giurgiuveanul.ro\/stiri\/wp-content\/uploads\/2023\/01\/5-3-560x308.jpg 560w, https:\/\/www.giurgiuveanul.ro\/stiri\/wp-content\/uploads\/2023\/01\/5-3-250x138.jpg 250w, https:\/\/www.giurgiuveanul.ro\/stiri\/wp-content\/uploads\/2023\/01\/5-3-768x423.jpg 768w, https:\/\/www.giurgiuveanul.ro\/stiri\/wp-content\/uploads\/2023\/01\/5-3-1536x845.jpg 1536w, https:\/\/www.giurgiuveanul.ro\/stiri\/wp-content\/uploads\/2023\/01\/5-3-400x220.jpg 400w, https:\/\/www.giurgiuveanul.ro\/stiri\/wp-content\/uploads\/2023\/01\/5-3.jpg 1566w\" sizes=\"auto, (max-width: 562px) 100vw, 562px\" \/><\/a><\/p>\n<p style=\"text-align: justify;\">Astfel, \u00een cadrul activit\u0103\u021bii, copiii au sus\u021binut un program artistic apreciat de spectatori; \u00eentr-o atmosfer\u0103 relaxat\u0103,\u00a0 pe o\u00a0 muzica antrenant\u0103, copiii au dansat sub privirile admirative ale v\u00e2rstniclor. La r\u00e2ndul lor, copiii au apreciat poeziile recitate pe de rost de unul dintre v\u00e2rstnici \u0219i migala cu care un alt beneficiar al centrului a confec\u021bionat obiecte decorative.\u00a0 De asemenea, v\u00e2rstnicii cu care copiii\u00a0 au stat de vorb\u0103 le-au povestit despre profesia avut\u0103 \u0219i le-au spus\u00a0 c\u00e2t de important\u0103\u00a0 \u0219i folositoare este \u00eenv\u0103\u021b\u0103tura \u00een via\u021ba viitoare de adult. La finalul activit\u0103\u021bii, copiii au primit scovergi \u0219i pl\u0103cinte preparate \u00een buc\u0103t\u0103ria centrului \u0219i\u00a0 pachete cu dulciuri.<\/p>\n<p style=\"text-align: justify;\">\u00a0\u201c<em>Unii dintre v\u00e2rstnicii institu\u021bionaliza\u021bi nu au nepo\u021bi iar unii dintre copiii din sistemul d<\/em><em>e <\/em><em>protec\u021bie nu au bunici. \u00cen munca noastr\u0103, punem oamenii pe primul loc \u0219i\u00a0 \u021binem cont de nevoile lor. Am constata<\/em><em>t<\/em><em> c\u0103 aceast\u0103 prim\u0103 ac\u021biune de socializare a\u00a0 \u00eensemnat emo\u021bie, z\u00e2mbete, bucurie, a fost benefic\u0103 \u0219i a adus o stare de bun\u0103 dispozi\u021bie<\/em><em>\u201d<\/em>, a declarat <strong>Cristina Corbu<\/strong>, <em>psiholog \u00een cadrul D.G.A.S.P.C. Giurgiu.<\/em><\/p>\n<p>\u00a0\u00a0\u00a0\u00a0\u00a0\u00a0\u00a0\u00a0\u00a0\u00a0\u00a0\u00a0\u00a0\u00a0\u00a0\u00a0\u00a0\u00a0\u00a0\u00a0\u00a0\u00a0\u00a0\u00a0\u00a0\u00a0\u00a0\u00a0\u00a0\u00a0\u00a0\u00a0\u00a0\u00a0\u00a0\u00a0\u00a0\u00a0\u00a0\u00a0\u00a0\u00a0\u00a0\u00a0\u00a0\u00a0\u00a0\u00a0\u00a0\u00a0\u00a0\u00a0\u00a0\u00a0\u00a0\u00a0\u00a0\u00a0\u00a0\u00a0\u00a0\u00a0\u00a0\u00a0\u00a0\u00a0\u00a0\u00a0\u00a0\u00a0\u00a0\u00a0\u00a0\u00a0 D.G.A.S.P.C. Giurgiu<\/p>\n","protected":false},"excerpt":{"rendered":"<p>Un grup de<\/p>\n","protected":false},"author":1,"featured_media":0,"comment_status":"open","ping_status":"open","sticky":false,"template":"","format":"standard","meta":{"footnotes":""},"categories":[6],"tags":[],"class_list":["post-94742","post","type-post","status-publish","format-standard","hentry","category-breaking-news"],"_links":{"self":[{"href":"https:\/\/www.giurgiuveanul.ro\/stiri\/wp-json\/wp\/v2\/posts\/94742","targetHints":{"allow":["GET"]}}],"collection":[{"href":"https:\/\/www.giurgiuveanul.ro\/stiri\/wp-json\/wp\/v2\/posts"}],"about":[{"href":"https:\/\/www.giurgiuveanul.ro\/stiri\/wp-json\/wp\/v2\/types\/post"}],"author":[{"embeddable":true,"href":"https:\/\/www.giurgiuveanul.ro\/stiri\/wp-json\/wp\/v2\/users\/1"}],"replies":[{"embeddable":true,"href":"https:\/\/www.giurgiuveanul.ro\/stiri\/wp-json\/wp\/v2\/comments?post=94742"}],"version-history":[{"count":0,"href":"https:\/\/www.giurgiuveanul.ro\/stiri\/wp-json\/wp\/v2\/posts\/94742\/revisions"}],"wp:attachment":[{"href":"https:\/\/www.giurgiuveanul.ro\/stiri\/wp-json\/wp\/v2\/media?parent=94742"}],"wp:term":[{"taxonomy":"category","embeddable":true,"href":"https:\/\/www.giurgiuveanul.ro\/stiri\/wp-json\/wp\/v2\/categories?post=94742"},{"taxonomy":"post_tag","embeddable":true,"href":"https:\/\/www.giurgiuveanul.ro\/stiri\/wp-json\/wp\/v2\/tags?post=94742"}],"curies":[{"name":"wp","href":"https:\/\/api.w.org\/{rel}","templated":true}]}}