{"id":94752,"date":"2023-01-08T16:00:20","date_gmt":"2023-01-08T14:00:20","guid":{"rendered":"https:\/\/www.giurgiuveanul.ro\/stiri\/?p=94752"},"modified":"2023-01-08T16:04:10","modified_gmt":"2023-01-08T14:04:10","slug":"senatorul-robert-cazanciuc-cu-trenul-prin-videle-de-la-bucuresti-la-giurgiu","status":"publish","type":"post","link":"https:\/\/www.giurgiuveanul.ro\/stiri\/senatorul-robert-cazanciuc-cu-trenul-prin-videle-de-la-bucuresti-la-giurgiu\/","title":{"rendered":"Senatorul Robert Cazanciuc: Cu trenul, prin Videle de la Bucure\u015fti la Giurgiu"},"content":{"rendered":"<p style=\"text-align: justify;\"><a href=\"https:\/\/www.giurgiuveanul.ro\/stiri\/wp-content\/uploads\/2023\/01\/324332526_1499212017240116_7537689120952845062_n.jpg\"><img loading=\"lazy\" decoding=\"async\" class=\"aligncenter wp-image-94753\" src=\"https:\/\/www.giurgiuveanul.ro\/stiri\/wp-content\/uploads\/2023\/01\/324332526_1499212017240116_7537689120952845062_n-432x450.jpg\" alt=\"\" width=\"583\" height=\"608\" srcset=\"https:\/\/www.giurgiuveanul.ro\/stiri\/wp-content\/uploads\/2023\/01\/324332526_1499212017240116_7537689120952845062_n-432x450.jpg 432w, https:\/\/www.giurgiuveanul.ro\/stiri\/wp-content\/uploads\/2023\/01\/324332526_1499212017240116_7537689120952845062_n-250x261.jpg 250w, https:\/\/www.giurgiuveanul.ro\/stiri\/wp-content\/uploads\/2023\/01\/324332526_1499212017240116_7537689120952845062_n-400x417.jpg 400w, https:\/\/www.giurgiuveanul.ro\/stiri\/wp-content\/uploads\/2023\/01\/324332526_1499212017240116_7537689120952845062_n.jpg 541w\" sizes=\"auto, (max-width: 583px) 100vw, 583px\" \/><\/a>Nu ai cum s\u0103 ratezi<!--more--> cobor\u00e2rea la Videle pentru c\u0103 forfota din vagon \u00ee\u0163i arat\u0103 c\u0103 urmeaz\u0103 o gar\u0103 important\u0103!<\/p>\n<p style=\"text-align: justify;\">M\u0103 iau dup\u0103 un grup vesel, cu multe bagaje, ca s\u0103 ies de pe peron. \u00cemi atrage aten\u0163ia locomotiva vopsit\u0103 de la un cap la altul \u00een culorile tricolorului nostru.<\/p>\n<p><a href=\"https:\/\/www.giurgiuveanul.ro\/stiri\/wp-content\/uploads\/2023\/01\/322467629_739592691039975_846086235152633976_n.jpg\"><img loading=\"lazy\" decoding=\"async\" class=\"aligncenter  wp-image-94758\" src=\"https:\/\/www.giurgiuveanul.ro\/stiri\/wp-content\/uploads\/2023\/01\/322467629_739592691039975_846086235152633976_n-440x450.jpg\" alt=\"\" width=\"585\" height=\"598\" srcset=\"https:\/\/www.giurgiuveanul.ro\/stiri\/wp-content\/uploads\/2023\/01\/322467629_739592691039975_846086235152633976_n-440x450.jpg 440w, https:\/\/www.giurgiuveanul.ro\/stiri\/wp-content\/uploads\/2023\/01\/322467629_739592691039975_846086235152633976_n-250x255.jpg 250w, https:\/\/www.giurgiuveanul.ro\/stiri\/wp-content\/uploads\/2023\/01\/322467629_739592691039975_846086235152633976_n-768x785.jpg 768w, https:\/\/www.giurgiuveanul.ro\/stiri\/wp-content\/uploads\/2023\/01\/322467629_739592691039975_846086235152633976_n-400x409.jpg 400w, https:\/\/www.giurgiuveanul.ro\/stiri\/wp-content\/uploads\/2023\/01\/322467629_739592691039975_846086235152633976_n.jpg 916w\" sizes=\"auto, (max-width: 585px) 100vw, 585px\" \/><\/a><\/p>\n<p style=\"text-align: justify;\">M\u0103 opresc pentru c\u00e2teva fotografii patriotice. Distan\u0163a pu\u0163in cam mare \u0219i soarele puternic m\u0103 fac s\u0103 m\u0103 apropii de frumoasa uzin\u0103 pe ro\u0163i. Cum r\u0103m\u0103sesem singur, atrag aten\u0163ia mecanicului care scoate capul pe geam c\u0103tre mine, \u00eencerc\u00e2nd probabil s\u0103 \u00een\u0163eleag\u0103 dac\u0103 sunt vreun supracontrol de la Bucure\u015fti. \u00cencerc prin c\u00e2teva gesturi s\u0103 \u00eei transmit c\u0103 \u00eemi place ma\u015fina lui \u015fi c\u0103 \u00eei urez drum bun.<\/p>\n<p style=\"text-align: justify;\">Cu g\u00e2ndul la o cafea, m\u0103 opresc \u00een primul birt: Na\u0219u &amp; Finu. Cum nu era nici unul acolo, \u00eempart ultimul covrig cu doi c\u0103\u0163ei care \u015ftiau c\u00e2nd vine trenul \u00een gar\u0103. Iau informa\u0163ii de la doi cet\u0103\u0163eni care p\u0103reau s\u0103 cunoasc\u0103 ce \u00eenseamn\u0103 un local bun \u015fi plec c\u0103tre centru. Nimeresc \u00eentr-un loc \u00een care mirosea foarte bine, dar a m\u00e2ncare g\u0103tit\u0103 rom\u00e2ne\u015fte. Nu vreau s\u0103 le stric planul de afaceri ocup\u00e2nd o mas\u0103 pentru o ap\u0103 \u015fi o cafea, a\u015fa c\u0103 o iau u\u015for la pas c\u0103tre ceea ce p\u0103rea un mic mall.<\/p>\n<p style=\"text-align: justify;\">Nimersec \u00eentr-o brut\u0103rie-patiserie de am sentimentul c\u0103 toat\u0103 lumea din ora\u015f lucreaz\u0103 pentru parfumuri gastronomice. Cu un pateu cald, o br\u00e2nzoaic\u0103 \u015fi un \u015ftrudel cu mere \u00eencropesc un pr\u00e2nz \u015fi ceva rezerve pentru partea a doua a c\u0103l\u0103toriei. \u00cemi face cu ochiul o p\u00e2ine neagr\u0103 de \u0163ar\u0103.<\/p>\n<p style=\"text-align: justify;\">&#8211; Dac\u0103 mai sta\u0163i 20 de minute v\u0103 dau una fierbinte, \u00eemi zice brutarul ie\u015find de la cuptor.<\/p>\n<p style=\"text-align: justify;\">M\u0103 \u00eempotrivesc politicos spun\u00e2nd c\u0103 vreau s\u0103 mai dau jos din cele 0,1 tone.<\/p>\n<p style=\"text-align: justify;\">-O lua\u0163i acas\u0103 \u015fi o s\u0103 m\u0103 pomeni\u0163i, insist\u0103 omul cu o privire care m-a convins c\u0103 merit\u0103! A fost ca un dar dumnezeiesc! Am savurat-o cu toate sim\u0163urile olfactive \u015fi tactile,\u00a0\u00a0\u00a0\u00a0\u00a0 mi-am \u00eenro\u015fit m\u00e2inile, am uitat de diet\u0103 \u015fi aproape c\u0103 era s\u0103 pierd \u015fi trenul.<\/p>\n<p style=\"text-align: justify;\">M\u0103 a\u0219tept s\u0103 g\u0103sesc o garnitur\u0103 potrivit\u0103 pentru film\u0103ri de epoc\u0103. \u00cemi trag sufletul \u0219i \u0219apca pe v\u00e2rful capului, dup\u0103 c\u00e2\u021biva pa\u0219i mai alerti, \u0219i zic vreo dou\u0103 vorbe a la Nea Marin c\u00e2nd dau cu ochii de o\u00a0 s\u0103geat\u0103 albastr\u0103 care \u00eemi indica cu un panou luminos c\u0103 e trenul meu: Giurgiu.<\/p>\n<p style=\"text-align: justify;\">Caut locul \u00eenscris pe bilet! M\u0103 uit \u00een jur \u0219i \u00eemi dau seama c\u0103 nu \u00eent\u00e2mpl\u0103tor nu e trecut nimic, a\u0219a c\u0103 m\u0103 a\u0219ez \u00eentr-un fotoliu la fereastr\u0103.<\/p>\n<p style=\"text-align: justify;\">S\u0103geta porne\u0219te lin, parc\u0103 special s\u0103 am timp s\u0103 fotografiez via\u021ba de la marginea nodului feroviar Videle.<\/p>\n<p style=\"text-align: justify;\">M\u0103 trece un scurt fior la apari\u021bia controlorului: biletul nu era \u00een primul buzunar \u00een care c\u0103utasem. R\u0103suflu u\u0219urat la a doua \u00eencercare. Nu apuc bine s\u0103 m\u0103 bucur pu\u021bin de locul meu la soare, c\u0103 \u201ena\u0219ul\u201d \u00ee\u0219i face din nou apari\u021bia\u00a0 l\u00e2ng\u0103 mine.<\/p>\n<p style=\"text-align: justify;\">-S-a \u00eent\u00e2mplat ceva? \u00eel \u00eentreb pu\u021bin nedumerit.<\/p>\n<p style=\"text-align: justify;\">-Nu, dar am terminat de verificat toate biletele. Sunt doar 10 c\u0103l\u0103tori, inclusiv dumneavoastr\u0103. Am sentimentul c\u0103 \u00eei \u0219tie pe to\u021bi din tren \u0219i se bucur\u0103 s\u0103 mai sporov\u0103iasc\u0103 cu figuri noi.<\/p>\n<p style=\"text-align: justify;\">Punem \u00eentreb\u0103ri despre num\u0103rul mic de c\u0103l\u0103tori, de unde \u0219i p\u00e2n\u0103 unde circul\u0103 majoritatea pasagerilor, despre c\u00e2te trenuri sunt pe traseu, dac\u0103 se mai \u00eent\u00e2mpl\u0103 ceva pe parcurs p\u00e2n\u0103 la cap\u0103tul liniei. P\u0103rem un fel de investitori interesa\u021bi s\u0103 se a\u0219eze unde ar fi ceva for\u021b\u0103 de munca, a\u0219a c\u0103 ne \u00eemp\u0103rt\u0103\u0219e\u0219te provoc\u0103rile vie\u021bii\u00a0 de cfr-ist de aproape 30 de ani.<\/p>\n<p style=\"text-align: justify;\">\u00cei spun c\u0103 \u00eel \u00een\u021beleg destul de bine pentru c\u0103 oameni dragi mie au lucrat la calea ferat\u0103. \u00cen ciuda dificult\u0103\u021bilor, cei care intr\u0103 \u00een familia asta se bucur\u0103 \u00eentr-un fel anume de via\u021b\u0103. O \u0219tiu de la bunicul din partea mamei, de la\u00a0 str\u0103bunicul din partea tat\u0103lui sau de la unchiul mecanic de locomotiv\u0103, pe care mi-i amintesc ca oameni cu un puternic sentiment al datoriei, f\u0103r\u0103 mofturi \u0219i aproape mereu z\u00e2mbind!<\/p>\n<p style=\"text-align: justify;\">Aflu c\u0103 au fost vremuri, p\u00e2n\u0103 s\u0103 ia apa podul de la Gr\u0103di\u0219tea, c\u00e2nd trenul care mergea direct de la Bucure\u0219ti la Giurgiu era plin de naveti\u0219ti. Mul\u021bi au fost nevoi\u021bi s\u0103 renun\u021be, dup\u0103 anul 2005, la locurile lor de munc\u0103 pentru c\u0103 nu puteau pl\u0103ti costul curselor cu microbuzele sau nu aveau cele 5 ore \u00een plus pe care la presupunea o navet\u0103 zilnic\u0103 pe noul traseu al trenului din sau c\u0103tre Capital\u0103.<\/p>\n<p style=\"text-align: justify;\">VA URMA!<\/p>\n<p style=\"text-align: center;\"><strong>Robert Cazanciuc,<\/strong><\/p>\n<p style=\"text-align: center;\"><em>Senator PSD de Giurgiu<\/em><\/p>\n","protected":false},"excerpt":{"rendered":"<p>Nu ai cum s\u0103 ratezi<\/p>\n","protected":false},"author":1,"featured_media":0,"comment_status":"open","ping_status":"open","sticky":false,"template":"","format":"standard","meta":{"footnotes":""},"categories":[6],"tags":[],"class_list":["post-94752","post","type-post","status-publish","format-standard","hentry","category-breaking-news"],"_links":{"self":[{"href":"https:\/\/www.giurgiuveanul.ro\/stiri\/wp-json\/wp\/v2\/posts\/94752","targetHints":{"allow":["GET"]}}],"collection":[{"href":"https:\/\/www.giurgiuveanul.ro\/stiri\/wp-json\/wp\/v2\/posts"}],"about":[{"href":"https:\/\/www.giurgiuveanul.ro\/stiri\/wp-json\/wp\/v2\/types\/post"}],"author":[{"embeddable":true,"href":"https:\/\/www.giurgiuveanul.ro\/stiri\/wp-json\/wp\/v2\/users\/1"}],"replies":[{"embeddable":true,"href":"https:\/\/www.giurgiuveanul.ro\/stiri\/wp-json\/wp\/v2\/comments?post=94752"}],"version-history":[{"count":0,"href":"https:\/\/www.giurgiuveanul.ro\/stiri\/wp-json\/wp\/v2\/posts\/94752\/revisions"}],"wp:attachment":[{"href":"https:\/\/www.giurgiuveanul.ro\/stiri\/wp-json\/wp\/v2\/media?parent=94752"}],"wp:term":[{"taxonomy":"category","embeddable":true,"href":"https:\/\/www.giurgiuveanul.ro\/stiri\/wp-json\/wp\/v2\/categories?post=94752"},{"taxonomy":"post_tag","embeddable":true,"href":"https:\/\/www.giurgiuveanul.ro\/stiri\/wp-json\/wp\/v2\/tags?post=94752"}],"curies":[{"name":"wp","href":"https:\/\/api.w.org\/{rel}","templated":true}]}}