{"id":94785,"date":"2023-01-10T08:43:53","date_gmt":"2023-01-10T06:43:53","guid":{"rendered":"https:\/\/www.giurgiuveanul.ro\/stiri\/?p=94785"},"modified":"2023-01-10T08:43:53","modified_gmt":"2023-01-10T06:43:53","slug":"lista-seminariilor-web-pentru-ianuarie-publicata-pe-portalul-anaf","status":"publish","type":"post","link":"https:\/\/www.giurgiuveanul.ro\/stiri\/lista-seminariilor-web-pentru-ianuarie-publicata-pe-portalul-anaf\/","title":{"rendered":"Lista seminariilor web pentru ianuarie, publicat\u0103 pe portalul ANAF"},"content":{"rendered":"<p style=\"text-align: justify;\"><strong><a href=\"https:\/\/www.giurgiuveanul.ro\/stiri\/wp-content\/uploads\/2023\/01\/anaf.jpg\"><img loading=\"lazy\" decoding=\"async\" class=\"aligncenter  wp-image-94786\" src=\"https:\/\/www.giurgiuveanul.ro\/stiri\/wp-content\/uploads\/2023\/01\/anaf-560x336.jpg\" alt=\"\" width=\"580\" height=\"348\" srcset=\"https:\/\/www.giurgiuveanul.ro\/stiri\/wp-content\/uploads\/2023\/01\/anaf-560x336.jpg 560w, https:\/\/www.giurgiuveanul.ro\/stiri\/wp-content\/uploads\/2023\/01\/anaf-250x150.jpg 250w, https:\/\/www.giurgiuveanul.ro\/stiri\/wp-content\/uploads\/2023\/01\/anaf-768x461.jpg 768w, https:\/\/www.giurgiuveanul.ro\/stiri\/wp-content\/uploads\/2023\/01\/anaf-400x240.jpg 400w, https:\/\/www.giurgiuveanul.ro\/stiri\/wp-content\/uploads\/2023\/01\/anaf.jpg 800w\" sizes=\"auto, (max-width: 580px) 100vw, 580px\" \/><\/a>ANAF a<!--more--> publicat pe portalul propriu, la rubrica Asisten\u021b\u0103 contribuabili\/Servicii oferite contribuabililor, lista seminariilor web care se vor desf\u0103\u0219ura \u00een luna ianuarie.<em> (link <\/em><a href=\"https:\/\/static.anaf.ro\/static\/10\/Anaf\/Informatii_R\/intalniri.htm\">aici<\/a><em>)<\/em><\/strong><\/p>\n<p style=\"text-align: justify;\">\n<p style=\"text-align: justify;\"><em>Printre temele dedicate persoanelor fizice se num\u0103r\u0103:<\/em><\/p>\n<p style=\"text-align: justify;\">\n<ul style=\"text-align: justify;\">\n<li>Tratamentul fiscal al veniturilor din cedarea folosin\u0163ei bunurilor aplicabil \u00een anul 2023<\/li>\n<\/ul>\n<p style=\"text-align: justify;\">\n<ul style=\"text-align: justify;\">\n<li>Stabilirea reziden\u0163ei fiscale a persoanelor fizice la sosirea \u00een\/plecarea din Rom\u00e2nia \u015fi \u00eenregistrarea fiscal\u0103 a persoanelor fizice nerezidente<\/li>\n<\/ul>\n<p style=\"text-align: justify;\">\n<ul style=\"text-align: justify;\">\n<li>Tratamentul fiscal aplicabil veniturilor ob\u0163inute de persoanele fizice din prestarea de activit\u0103\u0163i independente impuse pe baz\u0103 de norme de venit-nout\u0103\u0163i legislative aplicabile \u00eencep\u00e2nd cu data de 01 ianuarie 2023<\/li>\n<\/ul>\n<p style=\"text-align: justify;\">\n<ul style=\"text-align: justify;\">\n<li>Tratamentul fiscal al veniturilor din activit\u0103\u0163i independente pentru care venitul net se determin\u0103 \u00een sistem real &#8211; aplicabil \u00een anul 2023,<\/li>\n<\/ul>\n<p style=\"text-align: justify;\">\n<p style=\"text-align: justify;\">De asemenea, se vor aborda \u0219i subiecte de interes pentru persoanele juridice:<\/p>\n<p style=\"text-align: justify;\">\n<ul style=\"text-align: justify;\">\n<li>Nout\u0103\u021bi legislative privind impozitul pe veniturile micro\u00eentreprinderilor<\/li>\n<\/ul>\n<p style=\"text-align: justify;\">\n<ul style=\"text-align: justify;\">\n<li>Tratamentul fiscal aplicabil veniturilor ob\u0163inute de persoanele juridice f\u0103r\u0103 scop patrimonial, constituite \u00een baza O.G. nr. 26\/2000<\/li>\n<\/ul>\n<p style=\"text-align: justify;\">\n<p style=\"text-align: justify;\">Durata seminariilor este de 2 ore.<\/p>\n<p style=\"text-align: justify;\">\n<p style=\"text-align: justify;\">\u00censcrierea este facil\u0103, direct pe site, \u0219i se poate efectua p\u00e2n\u0103 la data \u015fi ora \u00eenceperii seminariilor, \u00een limita locurilor disponibile.<\/p>\n","protected":false},"excerpt":{"rendered":"<p>ANAF a<\/p>\n","protected":false},"author":1,"featured_media":0,"comment_status":"open","ping_status":"open","sticky":false,"template":"","format":"standard","meta":{"footnotes":""},"categories":[6],"tags":[],"class_list":["post-94785","post","type-post","status-publish","format-standard","hentry","category-breaking-news"],"_links":{"self":[{"href":"https:\/\/www.giurgiuveanul.ro\/stiri\/wp-json\/wp\/v2\/posts\/94785","targetHints":{"allow":["GET"]}}],"collection":[{"href":"https:\/\/www.giurgiuveanul.ro\/stiri\/wp-json\/wp\/v2\/posts"}],"about":[{"href":"https:\/\/www.giurgiuveanul.ro\/stiri\/wp-json\/wp\/v2\/types\/post"}],"author":[{"embeddable":true,"href":"https:\/\/www.giurgiuveanul.ro\/stiri\/wp-json\/wp\/v2\/users\/1"}],"replies":[{"embeddable":true,"href":"https:\/\/www.giurgiuveanul.ro\/stiri\/wp-json\/wp\/v2\/comments?post=94785"}],"version-history":[{"count":0,"href":"https:\/\/www.giurgiuveanul.ro\/stiri\/wp-json\/wp\/v2\/posts\/94785\/revisions"}],"wp:attachment":[{"href":"https:\/\/www.giurgiuveanul.ro\/stiri\/wp-json\/wp\/v2\/media?parent=94785"}],"wp:term":[{"taxonomy":"category","embeddable":true,"href":"https:\/\/www.giurgiuveanul.ro\/stiri\/wp-json\/wp\/v2\/categories?post=94785"},{"taxonomy":"post_tag","embeddable":true,"href":"https:\/\/www.giurgiuveanul.ro\/stiri\/wp-json\/wp\/v2\/tags?post=94785"}],"curies":[{"name":"wp","href":"https:\/\/api.w.org\/{rel}","templated":true}]}}