{"id":94788,"date":"2023-01-10T09:08:19","date_gmt":"2023-01-10T07:08:19","guid":{"rendered":"https:\/\/www.giurgiuveanul.ro\/stiri\/?p=94788"},"modified":"2023-01-10T09:08:33","modified_gmt":"2023-01-10T07:08:33","slug":"doi-tineri-giurgiuveni-arestati-preventiv-pentru-tentativa-la-talharie-calificata-si-complicitate-la-talharie-calificata-in-forma-tentativei","status":"publish","type":"post","link":"https:\/\/www.giurgiuveanul.ro\/stiri\/doi-tineri-giurgiuveni-arestati-preventiv-pentru-tentativa-la-talharie-calificata-si-complicitate-la-talharie-calificata-in-forma-tentativei\/","title":{"rendered":"Doi tineri giurgiuveni, aresta\u021bi preventiv pentru tentativ\u0103 la t\u00e2lh\u0103rie calificat\u0103 \u0219i complicitate la t\u00e2lh\u0103rie calificat\u0103 \u00een forma tentativei"},"content":{"rendered":"<p style=\"text-align: justify;\"><strong><a href=\"https:\/\/www.giurgiuveanul.ro\/stiri\/wp-content\/uploads\/2023\/01\/foto-arestare-preventiva.jpeg\"><img loading=\"lazy\" decoding=\"async\" class=\"aligncenter wp-image-94789\" src=\"https:\/\/www.giurgiuveanul.ro\/stiri\/wp-content\/uploads\/2023\/01\/foto-arestare-preventiva-496x450.jpeg\" alt=\"\" width=\"577\" height=\"524\" srcset=\"https:\/\/www.giurgiuveanul.ro\/stiri\/wp-content\/uploads\/2023\/01\/foto-arestare-preventiva-496x450.jpeg 496w, https:\/\/www.giurgiuveanul.ro\/stiri\/wp-content\/uploads\/2023\/01\/foto-arestare-preventiva-250x227.jpeg 250w, https:\/\/www.giurgiuveanul.ro\/stiri\/wp-content\/uploads\/2023\/01\/foto-arestare-preventiva-400x363.jpeg 400w, https:\/\/www.giurgiuveanul.ro\/stiri\/wp-content\/uploads\/2023\/01\/foto-arestare-preventiva.jpeg 632w\" sizes=\"auto, (max-width: 577px) 100vw, 577px\" \/><\/a>La data de 8 ianuarie a.c., ora 13.20,<!--more--> Politia municipiului Giurgiu a fost sesizat\u0103 prin S.N.U.A.U 112 de c\u0103tre un b\u0103rbat, din municipiul Giurgiu, cu privire la faptul c\u0103, vecinul s\u0103u, de 68 de ani a fost agresat fizic de o persoan\u0103, \u00een cursul nop\u021bii.<\/strong><\/p>\n<p>&nbsp;<\/p>\n<p style=\"text-align: justify;\">\u00cen temeiul sesiz\u0103rii, la fa\u021ba locului s-au deplasat poli\u021bi\u0219tii, iar, din primele verific\u0103ri a reie\u0219it faptul c\u0103, \u00een noaptea precedent\u0103, o persoan\u0103 mascat\u0103 ar fi p\u0103truns \u00een locuin\u021ba b\u0103rbatului de 68 de ani \u0219i l-ar fi agresat fizic.<\/p>\n<p style=\"text-align: justify;\">Cercet\u0103rile au fost preluate de c\u0103tre poli\u021bi\u0219tii Biroului de Investiga\u021bii Criminale, care au constatat faptul c\u0103, \u00een noaptea de 7 ianuarie a.c., ora 23.30, persoane necunoscute, av\u00e2nd fe\u021bele acoperite, ar fi p\u0103truns f\u0103r\u0103 drept \u00een locuin\u021ba b\u0103rbatului, prin escaladarea unei ferestre, ar fi \u00eencercat s\u0103 sustrag\u0103 o sum\u0103 de bani \u0219i ulterior, l-a fi agresat fizic.<\/p>\n<p style=\"text-align: justify;\">\u00cen urma verific\u0103rilor efectuate de c\u0103tre poli\u021bi\u0219ti, persoanele b\u0103nuite de s\u0103v\u00e2r\u0219irea infrac\u021biunilor de tentativ\u0103 la t\u00e2lh\u0103rie calificat\u0103 \u0219i complicitate la t\u00e2lh\u0103rie calificat\u0103 \u00een forma tentativei au fost identificate, ca fiind doi b\u0103rba\u021bi, de 20, respectiv 24 de ani, ambii din municipiul Giurgiu.<\/p>\n<p style=\"text-align: justify;\">La data de 8 ianuarie a.c., pe baza probatoriului administrat, sub coordonarea procurorului din cadrul Parchetului de pe l\u00e2ng\u0103 Judec\u0103toria Giurgiu, cei doi b\u0103rba\u021bi au fost re\u021binu\u021bi, pentru 24 de ore, iar la de 9 ianuarie a.c., instan\u021ba de judecat\u0103 a dipus, fa\u021b\u0103 de ace\u0219tia, m\u0103sura arest\u0103rii preventive, pentru 30 de zile.<\/p>\n","protected":false},"excerpt":{"rendered":"<p>La data de 8 ianuarie a.c., ora 13.20,<\/p>\n","protected":false},"author":1,"featured_media":0,"comment_status":"open","ping_status":"open","sticky":false,"template":"","format":"standard","meta":{"footnotes":""},"categories":[6],"tags":[],"class_list":["post-94788","post","type-post","status-publish","format-standard","hentry","category-breaking-news"],"_links":{"self":[{"href":"https:\/\/www.giurgiuveanul.ro\/stiri\/wp-json\/wp\/v2\/posts\/94788","targetHints":{"allow":["GET"]}}],"collection":[{"href":"https:\/\/www.giurgiuveanul.ro\/stiri\/wp-json\/wp\/v2\/posts"}],"about":[{"href":"https:\/\/www.giurgiuveanul.ro\/stiri\/wp-json\/wp\/v2\/types\/post"}],"author":[{"embeddable":true,"href":"https:\/\/www.giurgiuveanul.ro\/stiri\/wp-json\/wp\/v2\/users\/1"}],"replies":[{"embeddable":true,"href":"https:\/\/www.giurgiuveanul.ro\/stiri\/wp-json\/wp\/v2\/comments?post=94788"}],"version-history":[{"count":0,"href":"https:\/\/www.giurgiuveanul.ro\/stiri\/wp-json\/wp\/v2\/posts\/94788\/revisions"}],"wp:attachment":[{"href":"https:\/\/www.giurgiuveanul.ro\/stiri\/wp-json\/wp\/v2\/media?parent=94788"}],"wp:term":[{"taxonomy":"category","embeddable":true,"href":"https:\/\/www.giurgiuveanul.ro\/stiri\/wp-json\/wp\/v2\/categories?post=94788"},{"taxonomy":"post_tag","embeddable":true,"href":"https:\/\/www.giurgiuveanul.ro\/stiri\/wp-json\/wp\/v2\/tags?post=94788"}],"curies":[{"name":"wp","href":"https:\/\/api.w.org\/{rel}","templated":true}]}}