{"id":94792,"date":"2023-01-10T09:42:42","date_gmt":"2023-01-10T07:42:42","guid":{"rendered":"https:\/\/www.giurgiuveanul.ro\/stiri\/?p=94792"},"modified":"2023-01-10T09:44:04","modified_gmt":"2023-01-10T07:44:04","slug":"daruri-pentru-copiii-de-la-casele-de-tip-familial-teodora-si-daniela","status":"publish","type":"post","link":"https:\/\/www.giurgiuveanul.ro\/stiri\/daruri-pentru-copiii-de-la-casele-de-tip-familial-teodora-si-daniela\/","title":{"rendered":"DARURI PENTRU COPIII DE LA CASELE DE TIP FAMILIAL \u201eTEODORA\u201d \u0219i \u201eDANIELA\u201d"},"content":{"rendered":"<p style=\"text-align: justify;\"><a href=\"https:\/\/www.giurgiuveanul.ro\/stiri\/wp-content\/uploads\/2023\/01\/IMG-20230106-WA0098.jpg\"><img loading=\"lazy\" decoding=\"async\" class=\"aligncenter wp-image-94793\" src=\"https:\/\/www.giurgiuveanul.ro\/stiri\/wp-content\/uploads\/2023\/01\/IMG-20230106-WA0098-411x450.jpg\" alt=\"\" width=\"578\" height=\"633\" srcset=\"https:\/\/www.giurgiuveanul.ro\/stiri\/wp-content\/uploads\/2023\/01\/IMG-20230106-WA0098-411x450.jpg 411w, https:\/\/www.giurgiuveanul.ro\/stiri\/wp-content\/uploads\/2023\/01\/IMG-20230106-WA0098-250x274.jpg 250w, https:\/\/www.giurgiuveanul.ro\/stiri\/wp-content\/uploads\/2023\/01\/IMG-20230106-WA0098-768x840.jpg 768w, https:\/\/www.giurgiuveanul.ro\/stiri\/wp-content\/uploads\/2023\/01\/IMG-20230106-WA0098-400x438.jpg 400w, https:\/\/www.giurgiuveanul.ro\/stiri\/wp-content\/uploads\/2023\/01\/IMG-20230106-WA0098.jpg 1146w\" sizes=\"auto, (max-width: 578px) 100vw, 578px\" \/><\/a>Copiii afla\u021bi \u00een plasament \u00een casele de tip familial \u201cTeodora\u201d \u0219i \u201cDaniela\u201c, structuri<!--more--> reziden\u0163iale din cadrul Direc\u0163iei Generale de Asisten\u0163\u0103 Social\u0103 \u0219i Protec\u0163ia Copilului Giurgiu au primit vineri, 6 ianuarie 2023, vizita reprezentan\u0163ilor Sindicatului Na\u021bional al Poli\u021bi\u0219tilor \u0219i Personalului Contractual (S.N.P.P.C.) din cadrul Inspectoratului Jude\u021bean de Poli\u021bie Giurgiu.<\/p>\n<p><a href=\"https:\/\/www.giurgiuveanul.ro\/stiri\/wp-content\/uploads\/2023\/01\/IMG-20230106-WA0099.jpg\"><img loading=\"lazy\" decoding=\"async\" class=\"aligncenter  wp-image-94797\" src=\"https:\/\/www.giurgiuveanul.ro\/stiri\/wp-content\/uploads\/2023\/01\/IMG-20230106-WA0099-399x450.jpg\" alt=\"\" width=\"564\" height=\"636\" srcset=\"https:\/\/www.giurgiuveanul.ro\/stiri\/wp-content\/uploads\/2023\/01\/IMG-20230106-WA0099-399x450.jpg 399w, https:\/\/www.giurgiuveanul.ro\/stiri\/wp-content\/uploads\/2023\/01\/IMG-20230106-WA0099-250x282.jpg 250w, https:\/\/www.giurgiuveanul.ro\/stiri\/wp-content\/uploads\/2023\/01\/IMG-20230106-WA0099-768x866.jpg 768w, https:\/\/www.giurgiuveanul.ro\/stiri\/wp-content\/uploads\/2023\/01\/IMG-20230106-WA0099-400x451.jpg 400w, https:\/\/www.giurgiuveanul.ro\/stiri\/wp-content\/uploads\/2023\/01\/IMG-20230106-WA0099.jpg 1131w\" sizes=\"auto, (max-width: 564px) 100vw, 564px\" \/><\/a> <a href=\"https:\/\/www.giurgiuveanul.ro\/stiri\/wp-content\/uploads\/2023\/01\/IMG-20230106-WA0100.jpg\"><img loading=\"lazy\" decoding=\"async\" class=\"aligncenter  wp-image-94798\" src=\"https:\/\/www.giurgiuveanul.ro\/stiri\/wp-content\/uploads\/2023\/01\/IMG-20230106-WA0100-512x450.jpg\" alt=\"\" width=\"562\" height=\"494\" srcset=\"https:\/\/www.giurgiuveanul.ro\/stiri\/wp-content\/uploads\/2023\/01\/IMG-20230106-WA0100-512x450.jpg 512w, https:\/\/www.giurgiuveanul.ro\/stiri\/wp-content\/uploads\/2023\/01\/IMG-20230106-WA0100-250x220.jpg 250w, https:\/\/www.giurgiuveanul.ro\/stiri\/wp-content\/uploads\/2023\/01\/IMG-20230106-WA0100-768x675.jpg 768w, https:\/\/www.giurgiuveanul.ro\/stiri\/wp-content\/uploads\/2023\/01\/IMG-20230106-WA0100-400x351.jpg 400w, https:\/\/www.giurgiuveanul.ro\/stiri\/wp-content\/uploads\/2023\/01\/IMG-20230106-WA0100.jpg 1302w\" sizes=\"auto, (max-width: 562px) 100vw, 562px\" \/><\/a><\/p>\n<p style=\"text-align: justify;\">Astfel, 20 de copii cu dizabilit\u0103\u0163i afla\u021bi \u00een plasament de tip reziden\u021bial \u00a0au primit daruri const\u00e2nd \u00een\u00a0 dulciuri, b\u0103uturi r\u0103coritoare \u0219i fructe. Copiii au fost bucuro\u015fi\u00a0 de oaspe\u0163i, pe care i-au r\u0103spl\u0103tit recit\u00e2nd poezii.<\/p>\n<p style=\"text-align: justify;\">\u201d<em>A fost un prilej de bucurie pentru noi s\u0103 putem s\u0103 aducem z\u00e2mbete pe chipurile celor 20 \u00a0de copii afla\u021bi \u00een plasament \u00een cele dou\u0103 case de tip familial. \u0218i anul trecut ne-am implicat \u00een astfel de ac\u021biuni, dorim s\u0103 continu\u0103m \u0219i pe parcursul anului 2023, at\u00e2t pentru copii c\u00e2t \u0219i pentru persoane v\u00e2rstnice din centrele D.G.A.S.P.C. Giurgiu<\/em>\u201d, a declarat <strong>Victorel Coman<\/strong>, reprezentant al S.N.P.P.C. &#8211; Biroul\u00a0 Teritorial\u00a0 Giurgiu.<\/p>\n<p>&nbsp;<\/p>\n<p style=\"text-align: center;\"><em><strong>D.G.A.S.P.C. Giurgiu<\/strong><\/em><\/p>\n","protected":false},"excerpt":{"rendered":"<p>Copiii afla\u021bi \u00een plasament \u00een casele de tip familial \u201cTeodora\u201d \u0219i \u201cDaniela\u201c, structuri<\/p>\n","protected":false},"author":1,"featured_media":0,"comment_status":"open","ping_status":"open","sticky":false,"template":"","format":"standard","meta":{"footnotes":""},"categories":[6],"tags":[],"class_list":["post-94792","post","type-post","status-publish","format-standard","hentry","category-breaking-news"],"_links":{"self":[{"href":"https:\/\/www.giurgiuveanul.ro\/stiri\/wp-json\/wp\/v2\/posts\/94792","targetHints":{"allow":["GET"]}}],"collection":[{"href":"https:\/\/www.giurgiuveanul.ro\/stiri\/wp-json\/wp\/v2\/posts"}],"about":[{"href":"https:\/\/www.giurgiuveanul.ro\/stiri\/wp-json\/wp\/v2\/types\/post"}],"author":[{"embeddable":true,"href":"https:\/\/www.giurgiuveanul.ro\/stiri\/wp-json\/wp\/v2\/users\/1"}],"replies":[{"embeddable":true,"href":"https:\/\/www.giurgiuveanul.ro\/stiri\/wp-json\/wp\/v2\/comments?post=94792"}],"version-history":[{"count":0,"href":"https:\/\/www.giurgiuveanul.ro\/stiri\/wp-json\/wp\/v2\/posts\/94792\/revisions"}],"wp:attachment":[{"href":"https:\/\/www.giurgiuveanul.ro\/stiri\/wp-json\/wp\/v2\/media?parent=94792"}],"wp:term":[{"taxonomy":"category","embeddable":true,"href":"https:\/\/www.giurgiuveanul.ro\/stiri\/wp-json\/wp\/v2\/categories?post=94792"},{"taxonomy":"post_tag","embeddable":true,"href":"https:\/\/www.giurgiuveanul.ro\/stiri\/wp-json\/wp\/v2\/tags?post=94792"}],"curies":[{"name":"wp","href":"https:\/\/api.w.org\/{rel}","templated":true}]}}