{"id":94810,"date":"2023-01-11T09:28:28","date_gmt":"2023-01-11T07:28:28","guid":{"rendered":"https:\/\/www.giurgiuveanul.ro\/stiri\/?p=94810"},"modified":"2023-01-11T09:29:08","modified_gmt":"2023-01-11T07:29:08","slug":"asociatia-producatorilor-de-porumb-din-romania-vesti-bune-pentru-fermieri","status":"publish","type":"post","link":"https:\/\/www.giurgiuveanul.ro\/stiri\/asociatia-producatorilor-de-porumb-din-romania-vesti-bune-pentru-fermieri\/","title":{"rendered":"Asocia\u021bia Produc\u0103torilor de Porumb din Rom\u00e2nia, ve\u0219ti bune pentru fermieri"},"content":{"rendered":"<p style=\"text-align: justify;\"><strong><a href=\"https:\/\/www.giurgiuveanul.ro\/stiri\/wp-content\/uploads\/2023\/01\/mail.jpg\"><img loading=\"lazy\" decoding=\"async\" class=\"aligncenter wp-image-94811\" src=\"https:\/\/www.giurgiuveanul.ro\/stiri\/wp-content\/uploads\/2023\/01\/mail-560x420.jpg\" alt=\"\" width=\"580\" height=\"435\" srcset=\"https:\/\/www.giurgiuveanul.ro\/stiri\/wp-content\/uploads\/2023\/01\/mail-560x420.jpg 560w, https:\/\/www.giurgiuveanul.ro\/stiri\/wp-content\/uploads\/2023\/01\/mail-250x188.jpg 250w, https:\/\/www.giurgiuveanul.ro\/stiri\/wp-content\/uploads\/2023\/01\/mail-400x300.jpg 400w, https:\/\/www.giurgiuveanul.ro\/stiri\/wp-content\/uploads\/2023\/01\/mail.jpg 600w\" sizes=\"auto, (max-width: 580px) 100vw, 580px\" \/><\/a>Asocia\u021bia Produc\u0103torilor de Porumb din Rom\u00e2nia (APPR)<!--more--> ne-a transmis un comunicat privind modalitatea de acordare a desp\u0103gubirilor pentru pagubele produse de animalele s\u0103lbatice fermelor vegetale \u0219i celor zootehnice.<\/strong><\/p>\n<p style=\"text-align: justify;\">\u00cenceputul anului cu ve\u0219ti bune pentru fermieri: un act normativ \u00eendelung a\u0219teptat \u0219i \u00een creionarea c\u0103ruia APPR a contribuit activ \u00een toate fazele a fost aprobat miercuri, 4 ianuarie: o hotar\u00e2re a guvernului care simplific\u0103 modalitatea de acordare a desp\u0103gubirilor pentru pagubele produse culturilor agricole \u0219i silvice, animalelor domestice \u015fi autovehiculelor de speciile cinegetice.<\/p>\n<p style=\"text-align: justify;\">Ini\u021biat de Ministerul Mediului, Apelor \u0219i P\u0103durilor, dialogul civil pe marginea acestui act normativ a \u00eenceput \u00een complicatul an 2020, c\u00e2nd fermierii au solicitat o procedur\u0103 mai operativ\u0103 de constatare, precum si o modalitate just\u0103 de stabilire a cuantumului despagubirilor, bazat\u0103 pe valoarea de pia\u021b\u0103 a culturilor agricole, respectiv, valoarea de \u00eenlocuire a animalelor domestice distruse. Totodat\u0103, organiza\u021biile produc\u0103torilor agricoli au cerut o modalitate mai riguroas\u0103 de stabilire a r\u0103spunderii civile.<\/p>\n<p style=\"text-align: justify;\">Conform HG, fermierii vor fi desp\u0103gubi\u021bi direct de c\u0103tre gestionarii faunei cinegetice, atunci c\u00e2nd ace\u015ftia nu-\u015fi \u00eendeplinesc obliga\u0163iile pentru prevenirea pagubelor, \u015fi de c\u0103tre stat \u2013 prin structurile teritoriale de specialitate ale autorit\u0103\u0163ii publice centrale care r\u0103spunde de v\u00e2n\u0103toare \u015fi cele ale autorit\u0103\u0163ii publice centrale pentru protec\u0163ia mediului, \u00een condi\u0163iile prev\u0103zute de Legea nr. 407\/2006, cu modific\u0103rile \u015fi complet\u0103rile ulterioare.<\/p>\n<p style=\"text-align: justify;\">Reglementarea vine \u00eentr-un moment c\u00e2nd subiectul riscurilor pe care \u00eel reprezint\u0103 atacurile marilor carnivore asupra comunit\u0103\u021bilor rurale este un subiect politic pe agenda institu\u021biilor europene: Comisie, Consiliu, Parlamentul European.<\/p>\n<p style=\"text-align: justify;\"><em>\u201eFinalizarea acestui act normativ a fost o adev\u0103rat\u0103 epopee, dar \u00een\u021belegem c\u0103 este un subiect sensibil \u0219i chiar intens politizat la nivel european\u201d,<\/em> a declarat <strong>Dan Tiberiu Stan<\/strong>, membru al consiliului director al APPR, fermier din Ia\u0219i, unul dintre cei mai activi interlocutori ai autorit\u0103\u021bilor pe aceast\u0103 tem\u0103.<\/p>\n<p style=\"text-align: justify;\"><em>\u201eEste nevoie ca cet\u0103\u021benii s\u0103 \u00een\u021beleag\u0103 \u0219i s\u0103 cear\u0103 reprezentan\u021bilor lor s\u0103 se angajeze \u00eentr-o dezbatere profund argument\u0103 a temei daunelor devastatoare aduse bun\u0103st\u0103rii oamenilor \u0219i a animalelor domestice de c\u0103tre carnivorele mari, a amenin\u021b\u0103rii pe care acestea o reprezint\u0103 pentru popula\u021bia rural\u0103. Speciile de carnivore mari se confrunt\u0103 cu o cre\u0219tere necontrolat\u0103 \u0219i nelimitat\u0103 \u00een Europa. APPR va continua, \u00een numele comunit\u0103\u021bii agricole pe care o reprezint\u0103, s\u0103 fie prezent\u0103 \u00een dialogul civil intern \u0219i extern, pentru g\u0103sirea unor solu\u021bii corecte \u00een acest domeniu\u201d,<\/em> informeaz\u0103 comunicatul APPR.<\/p>\n<p><strong>FOTO: Dan Tiberiu Stan, al\u0103turi de fermierul Arnaud Perrein, fondator APPR<\/strong><\/p>\n","protected":false},"excerpt":{"rendered":"<p>Asocia\u021bia Produc\u0103torilor de Porumb din Rom\u00e2nia (APPR)<\/p>\n","protected":false},"author":1,"featured_media":0,"comment_status":"open","ping_status":"open","sticky":false,"template":"","format":"standard","meta":{"footnotes":""},"categories":[6],"tags":[],"class_list":["post-94810","post","type-post","status-publish","format-standard","hentry","category-breaking-news"],"_links":{"self":[{"href":"https:\/\/www.giurgiuveanul.ro\/stiri\/wp-json\/wp\/v2\/posts\/94810","targetHints":{"allow":["GET"]}}],"collection":[{"href":"https:\/\/www.giurgiuveanul.ro\/stiri\/wp-json\/wp\/v2\/posts"}],"about":[{"href":"https:\/\/www.giurgiuveanul.ro\/stiri\/wp-json\/wp\/v2\/types\/post"}],"author":[{"embeddable":true,"href":"https:\/\/www.giurgiuveanul.ro\/stiri\/wp-json\/wp\/v2\/users\/1"}],"replies":[{"embeddable":true,"href":"https:\/\/www.giurgiuveanul.ro\/stiri\/wp-json\/wp\/v2\/comments?post=94810"}],"version-history":[{"count":0,"href":"https:\/\/www.giurgiuveanul.ro\/stiri\/wp-json\/wp\/v2\/posts\/94810\/revisions"}],"wp:attachment":[{"href":"https:\/\/www.giurgiuveanul.ro\/stiri\/wp-json\/wp\/v2\/media?parent=94810"}],"wp:term":[{"taxonomy":"category","embeddable":true,"href":"https:\/\/www.giurgiuveanul.ro\/stiri\/wp-json\/wp\/v2\/categories?post=94810"},{"taxonomy":"post_tag","embeddable":true,"href":"https:\/\/www.giurgiuveanul.ro\/stiri\/wp-json\/wp\/v2\/tags?post=94810"}],"curies":[{"name":"wp","href":"https:\/\/api.w.org\/{rel}","templated":true}]}}