{"id":94815,"date":"2023-01-11T09:41:22","date_gmt":"2023-01-11T07:41:22","guid":{"rendered":"https:\/\/www.giurgiuveanul.ro\/stiri\/?p=94815"},"modified":"2023-01-11T09:41:53","modified_gmt":"2023-01-11T07:41:53","slug":"inspectoratul-de-politie-judetean-giurgiu-barbat-cercetat-pentru-vatamare-corporala","status":"publish","type":"post","link":"https:\/\/www.giurgiuveanul.ro\/stiri\/inspectoratul-de-politie-judetean-giurgiu-barbat-cercetat-pentru-vatamare-corporala\/","title":{"rendered":"Inspectoratul de Poli\u0163ie Jude\u0163ean Giurgiu. B\u0103rbat cercetat pentru v\u0103t\u0103mare corporal\u0103"},"content":{"rendered":"<p style=\"text-align: justify;\"><strong><a href=\"https:\/\/www.giurgiuveanul.ro\/stiri\/wp-content\/uploads\/2023\/01\/foto-arest-domiciliu.jpeg\"><img loading=\"lazy\" decoding=\"async\" class=\"aligncenter wp-image-94816\" src=\"https:\/\/www.giurgiuveanul.ro\/stiri\/wp-content\/uploads\/2023\/01\/foto-arest-domiciliu-492x450.jpeg\" alt=\"\" width=\"580\" height=\"530\" srcset=\"https:\/\/www.giurgiuveanul.ro\/stiri\/wp-content\/uploads\/2023\/01\/foto-arest-domiciliu-492x450.jpeg 492w, https:\/\/www.giurgiuveanul.ro\/stiri\/wp-content\/uploads\/2023\/01\/foto-arest-domiciliu-250x229.jpeg 250w, https:\/\/www.giurgiuveanul.ro\/stiri\/wp-content\/uploads\/2023\/01\/foto-arest-domiciliu-768x703.jpeg 768w, https:\/\/www.giurgiuveanul.ro\/stiri\/wp-content\/uploads\/2023\/01\/foto-arest-domiciliu-400x366.jpeg 400w, https:\/\/www.giurgiuveanul.ro\/stiri\/wp-content\/uploads\/2023\/01\/foto-arest-domiciliu.jpeg 787w\" sizes=\"auto, (max-width: 580px) 100vw, 580px\" \/><\/a>Poli\u021bistii<!--more--> Sec\u021biei nr. 3 Poli\u021bie Rural\u0103 Bolintin Vale au fost sesiza\u021bi, la data de 21 decembrie 2022, ora 19.26, \u00a0prin S.N.U.A.U. 112, de c\u0103tre un t\u00e2n\u0103r, de 17 ani, din comuna G\u0103iseni, jude\u021bul Giurgiu, cu privire la faptul c\u0103 a \u00eenjunghiat un b\u0103rbat, \u00een zona pl\u0103m\u00e2nilor.<\/strong><\/p>\n<p style=\"text-align: justify;\">\u00cen temeiul sesiz\u0103rii, la fa\u021ba locului s-a deplasat echipa operativ\u0103, iar, din primele cercet\u0103ri, a reie\u0219it faptul c\u0103, pe fondul unui conflict mai vechi, un b\u0103rbat, de 22 de ani, din comuna Ciorog\u00e2rla, jude\u021bul Ilfov, ar fi fost lovit cu un obiect ascu\u021bit, \u00een zona spatelui, de c\u0103tre t\u00e2n\u0103rul de 17 ani, \u00een fa\u021ba unui bar din localitatea C\u0103scioarele, jude\u021bul Giurgiu.<\/p>\n<p style=\"text-align: justify;\">Poli\u021bi\u0219tii au \u00eentocmit un dosar penal, sub aspectul s\u0103v\u00e2r\u0219irii infrac\u021biunii de lovirea sau alte violen\u021be.<\/p>\n<p style=\"text-align: justify;\">Ca urmare a activit\u0103\u021bilor desf\u0103\u0219urate \u00een cauz\u0103 \u0219i av\u00e2nd \u00een vedere faptul c\u0103 leziunile traumatice suferite au pus \u00een primejdie via\u021ba victimei, a fost dispus\u0103 schimbarea \u00eencadr\u0103rii juridice din infrac\u021biunea de lovirea sau alte violen\u021be, \u00een infrac\u021biunea de v\u0103t\u0103mare corporal\u0103.<\/p>\n<p style=\"text-align: justify;\">La data de 9 ianuarie a.c., pe baza probatoriului administrat, sub coordonarea procurorului din cadrul Judec\u0103toriei Bolintin Vale, t\u00e2n\u0103rul de 17 ani, b\u0103nuit de s\u0103v\u00e2r\u0219irea infrac\u021biunii de v\u0103t\u0103mare corporal\u0103 a fost re\u021binut, pentru 24 de ore, iar la data de 10 ianuarie a.c., instan\u021ba de judecat\u0103 a dispus fa\u021b\u0103 de acesta, m\u0103sura arestului la domiciliu, pentru 30 de zile.<\/p>\n","protected":false},"excerpt":{"rendered":"<p>Poli\u021bistii<\/p>\n","protected":false},"author":1,"featured_media":0,"comment_status":"open","ping_status":"open","sticky":false,"template":"","format":"standard","meta":{"footnotes":""},"categories":[6],"tags":[],"class_list":["post-94815","post","type-post","status-publish","format-standard","hentry","category-breaking-news"],"_links":{"self":[{"href":"https:\/\/www.giurgiuveanul.ro\/stiri\/wp-json\/wp\/v2\/posts\/94815","targetHints":{"allow":["GET"]}}],"collection":[{"href":"https:\/\/www.giurgiuveanul.ro\/stiri\/wp-json\/wp\/v2\/posts"}],"about":[{"href":"https:\/\/www.giurgiuveanul.ro\/stiri\/wp-json\/wp\/v2\/types\/post"}],"author":[{"embeddable":true,"href":"https:\/\/www.giurgiuveanul.ro\/stiri\/wp-json\/wp\/v2\/users\/1"}],"replies":[{"embeddable":true,"href":"https:\/\/www.giurgiuveanul.ro\/stiri\/wp-json\/wp\/v2\/comments?post=94815"}],"version-history":[{"count":0,"href":"https:\/\/www.giurgiuveanul.ro\/stiri\/wp-json\/wp\/v2\/posts\/94815\/revisions"}],"wp:attachment":[{"href":"https:\/\/www.giurgiuveanul.ro\/stiri\/wp-json\/wp\/v2\/media?parent=94815"}],"wp:term":[{"taxonomy":"category","embeddable":true,"href":"https:\/\/www.giurgiuveanul.ro\/stiri\/wp-json\/wp\/v2\/categories?post=94815"},{"taxonomy":"post_tag","embeddable":true,"href":"https:\/\/www.giurgiuveanul.ro\/stiri\/wp-json\/wp\/v2\/tags?post=94815"}],"curies":[{"name":"wp","href":"https:\/\/api.w.org\/{rel}","templated":true}]}}