{"id":94822,"date":"2023-01-11T16:51:58","date_gmt":"2023-01-11T14:51:58","guid":{"rendered":"https:\/\/www.giurgiuveanul.ro\/stiri\/?p=94822"},"modified":"2023-01-11T17:03:02","modified_gmt":"2023-01-11T15:03:02","slug":"episcopia-giurgiului-punct-de-vedere-oficial-in-cazul-preotului-prins-masturbtndu-se-in-vecinatatea-liceului-nicolae-cartojan","status":"publish","type":"post","link":"https:\/\/www.giurgiuveanul.ro\/stiri\/episcopia-giurgiului-punct-de-vedere-oficial-in-cazul-preotului-prins-masturbtndu-se-in-vecinatatea-liceului-nicolae-cartojan\/","title":{"rendered":"Episcopia Giurgiului, punct de vedere oficial \u00een cazul preotului prins masturb\u00e2ndu-se \u00een vecin\u0103tatea Liceului \u201eNicolae Cartojan\u201d"},"content":{"rendered":"<p style=\"text-align: justify;\"><strong><a href=\"https:\/\/www.giurgiuveanul.ro\/stiri\/wp-content\/uploads\/2023\/01\/EPISCOPIA-GIURGIULUI-LOGO.jpg\"><img loading=\"lazy\" decoding=\"async\" class=\"aligncenter wp-image-94823\" src=\"https:\/\/www.giurgiuveanul.ro\/stiri\/wp-content\/uploads\/2023\/01\/EPISCOPIA-GIURGIULUI-LOGO-560x148.jpg\" alt=\"\" width=\"560\" height=\"148\" srcset=\"https:\/\/www.giurgiuveanul.ro\/stiri\/wp-content\/uploads\/2023\/01\/EPISCOPIA-GIURGIULUI-LOGO-560x148.jpg 560w, https:\/\/www.giurgiuveanul.ro\/stiri\/wp-content\/uploads\/2023\/01\/EPISCOPIA-GIURGIULUI-LOGO-250x66.jpg 250w, https:\/\/www.giurgiuveanul.ro\/stiri\/wp-content\/uploads\/2023\/01\/EPISCOPIA-GIURGIULUI-LOGO-768x203.jpg 768w, https:\/\/www.giurgiuveanul.ro\/stiri\/wp-content\/uploads\/2023\/01\/EPISCOPIA-GIURGIULUI-LOGO-400x106.jpg 400w, https:\/\/www.giurgiuveanul.ro\/stiri\/wp-content\/uploads\/2023\/01\/EPISCOPIA-GIURGIULUI-LOGO.jpg 1350w\" sizes=\"auto, (max-width: 560px) 100vw, 560px\" \/><\/a>Potrivit informa\u0163iilor ap\u0103rute \u00een mediul virtual, un preot a fost surprins<!--more--> \u00een timp ce se masturba \u00een imediata vecin\u0103tate a Liceului \u201eNicolae Cartojan\u201d. Acesta a fost prins de poli\u0163i\u015fti \u015fi dus la audieri la sediul IPJ.<\/strong><\/p>\n<p style=\"text-align: justify;\"><strong>Comunicatul \u00a0Episcopiei Giurgiu<\/strong><\/p>\n<p style=\"text-align: justify;\"><em>&#8222;V\u0103 aducem la cuno\u015ftin\u0163\u0103 c\u0103, urmare a Notei telefonice \u00eentocmite de Pr. Cons. DUMITRACHE Eduard, \u00een urma conversa\u021biei cu reprezentan\u021bii I.P.J. Giurgiu, Episcopia Giurgiului a luat act, cu regret, de faptul c\u0103 \u00een acest moment se afl\u0103 \u00een faza de audieri la Inspectoratul Jude\u021bean de Poli\u021bie, Pr. CONSTANTIN Mirel de la Parohia Oinacu care este cercetat sub aspectul s\u0103v\u00e2r\u0219irii infrac\u021biunii de \u201cultraj contra bunelor moravuri\u201d.<\/em><\/p>\n<p style=\"text-align: justify;\"><em>\u021ain\u00e2nd cont de gravitatea acuza\u021biilor referitoare la comportamentul indecent, Chiriarhul a dispus suspendarea sus-numitului preot, p\u00e2n\u0103 la finalizarea anchetei desf\u0103\u0219urate de c\u0103tre organismele abilitate.<\/em><\/p>\n<p style=\"text-align: justify;\"><em>Episcopia Giurgiului se va adresa, \u00een scris, Inspectoratului Jude\u021bean al Poli\u021biei Giurgiu, solicit\u00e2nd punerea la dispozi\u021bie a probelor din dosar, \u00een vederea trimiterii sus-numitului \u00een judecata Consistoiului Eparhial dac\u0103 rezultatul audierilor aflate \u00een desf\u0103\u0219urare vor impune acest lucru.<\/em><\/p>\n<p style=\"text-align: justify;\"><em>Totodat\u0103, cel \u00een cauz\u0103 va fi convocat de urgen\u021b\u0103 la sediul Protoieriei Giurgiu pentru declara\u021bii.<\/em><\/p>\n<p style=\"text-align: justify;\"><em>Men\u021bion\u0103m c\u0103, pe perioada suspend\u0103rii, suplinirea Parohiei Oinacu va fi asigurat\u0103 de PC. Pr. DU\u021aU Stelian&#8221;.<\/em><\/p>\n","protected":false},"excerpt":{"rendered":"<p>Potrivit informa\u0163iilor ap\u0103rute \u00een mediul virtual, un preot a fost surprins<\/p>\n","protected":false},"author":1,"featured_media":0,"comment_status":"open","ping_status":"open","sticky":false,"template":"","format":"standard","meta":{"footnotes":""},"categories":[6],"tags":[],"class_list":["post-94822","post","type-post","status-publish","format-standard","hentry","category-breaking-news"],"_links":{"self":[{"href":"https:\/\/www.giurgiuveanul.ro\/stiri\/wp-json\/wp\/v2\/posts\/94822","targetHints":{"allow":["GET"]}}],"collection":[{"href":"https:\/\/www.giurgiuveanul.ro\/stiri\/wp-json\/wp\/v2\/posts"}],"about":[{"href":"https:\/\/www.giurgiuveanul.ro\/stiri\/wp-json\/wp\/v2\/types\/post"}],"author":[{"embeddable":true,"href":"https:\/\/www.giurgiuveanul.ro\/stiri\/wp-json\/wp\/v2\/users\/1"}],"replies":[{"embeddable":true,"href":"https:\/\/www.giurgiuveanul.ro\/stiri\/wp-json\/wp\/v2\/comments?post=94822"}],"version-history":[{"count":0,"href":"https:\/\/www.giurgiuveanul.ro\/stiri\/wp-json\/wp\/v2\/posts\/94822\/revisions"}],"wp:attachment":[{"href":"https:\/\/www.giurgiuveanul.ro\/stiri\/wp-json\/wp\/v2\/media?parent=94822"}],"wp:term":[{"taxonomy":"category","embeddable":true,"href":"https:\/\/www.giurgiuveanul.ro\/stiri\/wp-json\/wp\/v2\/categories?post=94822"},{"taxonomy":"post_tag","embeddable":true,"href":"https:\/\/www.giurgiuveanul.ro\/stiri\/wp-json\/wp\/v2\/tags?post=94822"}],"curies":[{"name":"wp","href":"https:\/\/api.w.org\/{rel}","templated":true}]}}