{"id":94829,"date":"2023-01-11T18:03:20","date_gmt":"2023-01-11T16:03:20","guid":{"rendered":"https:\/\/www.giurgiuveanul.ro\/stiri\/?p=94829"},"modified":"2023-01-11T18:03:20","modified_gmt":"2023-01-11T16:03:20","slug":"inspectoratul-de-politie-judetean-giurgiu-preotul-prins-in-timp-ce-se-masturba-retinut-de-politisti","status":"publish","type":"post","link":"https:\/\/www.giurgiuveanul.ro\/stiri\/inspectoratul-de-politie-judetean-giurgiu-preotul-prins-in-timp-ce-se-masturba-retinut-de-politisti\/","title":{"rendered":"Inspectoratul de Poli\u0163ie Jude\u0163ean Giurgiu. Preotul prins \u00een timp ce se masturba, re\u0163inut de poli\u0163i\u015fti"},"content":{"rendered":"<p style=\"text-align: justify;\"><a href=\"https:\/\/www.giurgiuveanul.ro\/stiri\/wp-content\/uploads\/2023\/01\/Yjk1MmIwYmY1NWIyNzcwNjZhZmY4M2FlM2RjYw.thumb_.jpg\"><img loading=\"lazy\" decoding=\"async\" class=\"aligncenter  wp-image-94830\" src=\"https:\/\/www.giurgiuveanul.ro\/stiri\/wp-content\/uploads\/2023\/01\/Yjk1MmIwYmY1NWIyNzcwNjZhZmY4M2FlM2RjYw.thumb_-560x316.jpg\" alt=\"\" width=\"583\" height=\"329\" srcset=\"https:\/\/www.giurgiuveanul.ro\/stiri\/wp-content\/uploads\/2023\/01\/Yjk1MmIwYmY1NWIyNzcwNjZhZmY4M2FlM2RjYw.thumb_-560x316.jpg 560w, https:\/\/www.giurgiuveanul.ro\/stiri\/wp-content\/uploads\/2023\/01\/Yjk1MmIwYmY1NWIyNzcwNjZhZmY4M2FlM2RjYw.thumb_-250x141.jpg 250w, https:\/\/www.giurgiuveanul.ro\/stiri\/wp-content\/uploads\/2023\/01\/Yjk1MmIwYmY1NWIyNzcwNjZhZmY4M2FlM2RjYw.thumb_-768x433.jpg 768w, https:\/\/www.giurgiuveanul.ro\/stiri\/wp-content\/uploads\/2023\/01\/Yjk1MmIwYmY1NWIyNzcwNjZhZmY4M2FlM2RjYw.thumb_-400x226.jpg 400w, https:\/\/www.giurgiuveanul.ro\/stiri\/wp-content\/uploads\/2023\/01\/Yjk1MmIwYmY1NWIyNzcwNjZhZmY4M2FlM2RjYw.thumb_.jpg 780w\" sizes=\"auto, (max-width: 583px) 100vw, 583px\" \/><\/a>La data de 11 ianuarie a.c., la ora 09.25, Poli\u021bia Municipiului Giurgiu<!--more--> a fost sesizat\u0103 prin apel 112, de c\u0103tre un t\u00e2n\u0103r, de 18 ani, din localitatea St\u0103ne\u0219ti, jude\u021bul Giurgiu, cu privire la faptul c\u0103, un b\u0103rbat a exercitat acte sexuale explicite, \u00eentr-un autoturism, sta\u021bionat \u00een fa\u021ba unei societ\u0103\u021bi comerciale, din municipiul Giurgiu.<\/p>\n<p style=\"text-align: justify;\">\u00cen urma verific\u0103rilor efectuate, poli\u021bi\u0219tii au identificat persoana \u00een cauz\u0103, ca fiind un b\u0103rbat, de 48 de ani, din municipiul Giurgiu.<\/p>\n<p style=\"text-align: justify;\">Pe baza probatoriului administrat, sub coordonarea procurorului din cadrul Parchetului de pe l\u00e2ng\u0103 Judec\u0103toria Giurgiu, b\u0103rbatul b\u0103nuit de s\u0103v\u00e2r\u0219irea infrac\u021biunii de ultraj contra bunelor moravuri a fost re\u021binut, pentru 24 de ore \u0219i introdus \u00een Centrul de Re\u021binere \u0219i Arestare Preventiv\u0103 Giurgiu.<\/p>\n","protected":false},"excerpt":{"rendered":"<p>La data de 11 ianuarie a.c., la ora 09.25, Poli\u021bia Municipiului Giurgiu<\/p>\n","protected":false},"author":1,"featured_media":0,"comment_status":"open","ping_status":"open","sticky":false,"template":"","format":"standard","meta":{"footnotes":""},"categories":[6],"tags":[],"class_list":["post-94829","post","type-post","status-publish","format-standard","hentry","category-breaking-news"],"_links":{"self":[{"href":"https:\/\/www.giurgiuveanul.ro\/stiri\/wp-json\/wp\/v2\/posts\/94829","targetHints":{"allow":["GET"]}}],"collection":[{"href":"https:\/\/www.giurgiuveanul.ro\/stiri\/wp-json\/wp\/v2\/posts"}],"about":[{"href":"https:\/\/www.giurgiuveanul.ro\/stiri\/wp-json\/wp\/v2\/types\/post"}],"author":[{"embeddable":true,"href":"https:\/\/www.giurgiuveanul.ro\/stiri\/wp-json\/wp\/v2\/users\/1"}],"replies":[{"embeddable":true,"href":"https:\/\/www.giurgiuveanul.ro\/stiri\/wp-json\/wp\/v2\/comments?post=94829"}],"version-history":[{"count":0,"href":"https:\/\/www.giurgiuveanul.ro\/stiri\/wp-json\/wp\/v2\/posts\/94829\/revisions"}],"wp:attachment":[{"href":"https:\/\/www.giurgiuveanul.ro\/stiri\/wp-json\/wp\/v2\/media?parent=94829"}],"wp:term":[{"taxonomy":"category","embeddable":true,"href":"https:\/\/www.giurgiuveanul.ro\/stiri\/wp-json\/wp\/v2\/categories?post=94829"},{"taxonomy":"post_tag","embeddable":true,"href":"https:\/\/www.giurgiuveanul.ro\/stiri\/wp-json\/wp\/v2\/tags?post=94829"}],"curies":[{"name":"wp","href":"https:\/\/api.w.org\/{rel}","templated":true}]}}