{"id":94835,"date":"2023-01-12T10:45:15","date_gmt":"2023-01-12T08:45:15","guid":{"rendered":"https:\/\/www.giurgiuveanul.ro\/stiri\/?p=94835"},"modified":"2023-01-12T10:45:15","modified_gmt":"2023-01-12T08:45:15","slug":"inspectoratul-de-politie-judetean-giurgiu-arestati-pentru-lovirea-sau-alte-violente","status":"publish","type":"post","link":"https:\/\/www.giurgiuveanul.ro\/stiri\/inspectoratul-de-politie-judetean-giurgiu-arestati-pentru-lovirea-sau-alte-violente\/","title":{"rendered":"Inspectoratul de Poli\u0163ie Jude\u0163ean Giurgiu: Aresta\u0163i pentru lovirea sau alte violen\u021be"},"content":{"rendered":"<p><a href=\"https:\/\/www.giurgiuveanul.ro\/stiri\/wp-content\/uploads\/2023\/01\/foto-retinere.jpeg\"><img loading=\"lazy\" decoding=\"async\" class=\"aligncenter  wp-image-94836\" src=\"https:\/\/www.giurgiuveanul.ro\/stiri\/wp-content\/uploads\/2023\/01\/foto-retinere-560x346.jpeg\" alt=\"\" width=\"575\" height=\"355\" srcset=\"https:\/\/www.giurgiuveanul.ro\/stiri\/wp-content\/uploads\/2023\/01\/foto-retinere-560x346.jpeg 560w, https:\/\/www.giurgiuveanul.ro\/stiri\/wp-content\/uploads\/2023\/01\/foto-retinere-250x155.jpeg 250w, https:\/\/www.giurgiuveanul.ro\/stiri\/wp-content\/uploads\/2023\/01\/foto-retinere-768x475.jpeg 768w, https:\/\/www.giurgiuveanul.ro\/stiri\/wp-content\/uploads\/2023\/01\/foto-retinere-400x247.jpeg 400w, https:\/\/www.giurgiuveanul.ro\/stiri\/wp-content\/uploads\/2023\/01\/foto-retinere.jpeg 935w\" sizes=\"auto, (max-width: 575px) 100vw, 575px\" \/><\/a>La data de<!--more--> 7 ianuarie a.c., ora 23.00, poli\u021bi\u0219tii Sec\u021biei nr.6 Poli\u021bie Rural\u0103 Mih\u0103ile\u0219ti au fost sesiza\u021bi prin S.N.U.A.U. 112, de c\u0103tre un b\u0103rbat, din comuna Letca Nou\u0103, jude\u021bul Giurgiu, cu privire la faptul c\u0103 tat\u0103l s\u0103u a fost agresat fizic de c\u0103tre un consatean.<\/p>\n<p>&nbsp;<\/p>\n<p>\u00cen temeiul sesiz\u0103rii, la fa\u021ba locului s-au deplasat poli\u021bi\u0219tii, iar, din primele cercet\u0103ri, a reie\u0219it faptul c\u0103, la data de 7 ianuarie a.c., ora 22.40, \u00een timp ce un b\u0103rbat, de 47 de ani, din comuna Letca Nou\u0103 se deplasa pe o strad\u0103 din localitatea Letca Veche, jude\u021bul Giurgiu, ar fi fost agresat fizic de c\u0103tre doi b\u0103rba\u021bi.<\/p>\n<p>&nbsp;<\/p>\n<p>\u00cen urma cercet\u0103rilor efectuate de c\u0103tre poli\u021bi\u0219ti, au fost identificate cele dou\u0103 persoane b\u0103nuite de s\u0103v\u00e2r\u0219irea infrac\u021biunii de lovirea sau alte violen\u021be, ca fiind doi b\u0103rba\u021bi, de 43 de ani, din comuna Letca Nou\u0103, respectiv 19 ani, din comuna Mereni, jude\u021bul Teleorman.<\/p>\n<p>&nbsp;<\/p>\n<p>Pe baza probatoriului administrat, sub coordonarea procurorului din cadrul Parchetului de pe l\u00e2ng\u0103 Judec\u0103toria Bolintin Vale, cei doi b\u0103rba\u021bi au fost re\u021binu\u021bi, pentru 24 de ore, urm\u00e2nd ca la data de 11 ianuarie a.c., s\u0103 fie prezenta\u021bi instan\u021bei de judecat\u0103, cu propuneri procedurale.<\/p>\n<p>La data de 11 ianuarie a.c., judec\u0103torul de drepturi \u0219i libert\u0103\u021bi a dispus fa\u021b\u0103 de ace\u0219tia m\u0103sura arest\u0103rii preventive pentru 30 de zile.<\/p>\n","protected":false},"excerpt":{"rendered":"<p>La data de<\/p>\n","protected":false},"author":1,"featured_media":0,"comment_status":"open","ping_status":"open","sticky":false,"template":"","format":"standard","meta":{"footnotes":""},"categories":[6],"tags":[],"class_list":["post-94835","post","type-post","status-publish","format-standard","hentry","category-breaking-news"],"_links":{"self":[{"href":"https:\/\/www.giurgiuveanul.ro\/stiri\/wp-json\/wp\/v2\/posts\/94835","targetHints":{"allow":["GET"]}}],"collection":[{"href":"https:\/\/www.giurgiuveanul.ro\/stiri\/wp-json\/wp\/v2\/posts"}],"about":[{"href":"https:\/\/www.giurgiuveanul.ro\/stiri\/wp-json\/wp\/v2\/types\/post"}],"author":[{"embeddable":true,"href":"https:\/\/www.giurgiuveanul.ro\/stiri\/wp-json\/wp\/v2\/users\/1"}],"replies":[{"embeddable":true,"href":"https:\/\/www.giurgiuveanul.ro\/stiri\/wp-json\/wp\/v2\/comments?post=94835"}],"version-history":[{"count":0,"href":"https:\/\/www.giurgiuveanul.ro\/stiri\/wp-json\/wp\/v2\/posts\/94835\/revisions"}],"wp:attachment":[{"href":"https:\/\/www.giurgiuveanul.ro\/stiri\/wp-json\/wp\/v2\/media?parent=94835"}],"wp:term":[{"taxonomy":"category","embeddable":true,"href":"https:\/\/www.giurgiuveanul.ro\/stiri\/wp-json\/wp\/v2\/categories?post=94835"},{"taxonomy":"post_tag","embeddable":true,"href":"https:\/\/www.giurgiuveanul.ro\/stiri\/wp-json\/wp\/v2\/tags?post=94835"}],"curies":[{"name":"wp","href":"https:\/\/api.w.org\/{rel}","templated":true}]}}