{"id":94838,"date":"2023-01-12T18:10:06","date_gmt":"2023-01-12T16:10:06","guid":{"rendered":"https:\/\/www.giurgiuveanul.ro\/stiri\/?p=94838"},"modified":"2023-01-12T18:10:06","modified_gmt":"2023-01-12T16:10:06","slug":"inspectoratul-de-politie-judetean-giurgiu-recomandari-preventive-pentru-un-trafic-rutier-in-siguranta","status":"publish","type":"post","link":"https:\/\/www.giurgiuveanul.ro\/stiri\/inspectoratul-de-politie-judetean-giurgiu-recomandari-preventive-pentru-un-trafic-rutier-in-siguranta\/","title":{"rendered":"Inspectoratul de Poli\u0163ie Jude\u0163ean Giurgiu: RECOMAND\u0102RI PREVENTIVE pentru un trafic rutier \u00een siguran\u021b\u0103"},"content":{"rendered":"<p style=\"text-align: justify;\"><strong><a href=\"https:\/\/www.giurgiuveanul.ro\/stiri\/wp-content\/uploads\/2023\/01\/foto-1.jpeg\"><img loading=\"lazy\" decoding=\"async\" class=\"aligncenter  wp-image-94839\" src=\"https:\/\/www.giurgiuveanul.ro\/stiri\/wp-content\/uploads\/2023\/01\/foto-1-560x376.jpeg\" alt=\"\" width=\"576\" height=\"387\" srcset=\"https:\/\/www.giurgiuveanul.ro\/stiri\/wp-content\/uploads\/2023\/01\/foto-1-560x376.jpeg 560w, https:\/\/www.giurgiuveanul.ro\/stiri\/wp-content\/uploads\/2023\/01\/foto-1-250x168.jpeg 250w, https:\/\/www.giurgiuveanul.ro\/stiri\/wp-content\/uploads\/2023\/01\/foto-1-768x516.jpeg 768w, https:\/\/www.giurgiuveanul.ro\/stiri\/wp-content\/uploads\/2023\/01\/foto-1-400x269.jpeg 400w, https:\/\/www.giurgiuveanul.ro\/stiri\/wp-content\/uploads\/2023\/01\/foto-1.jpeg 1116w\" sizes=\"auto, (max-width: 576px) 100vw, 576px\" \/><\/a>Av\u00e2nd \u00een vedere faptul c\u0103<!--more--> temperaturile scad din ce \u00een ce mai mult, iar riscul de formare a poleiului este tot mai mare, le reamintim conduc\u0103torilor auto s\u0103 circule numai cu autovehicule dotate cu anvelope de sezon.<\/strong><\/p>\n<p style=\"text-align: justify;\"><strong><em>\u015etia\u0163i c\u0103:<\/em><\/strong><\/p>\n<p style=\"text-align: justify;\"><strong><em>\u00a0<\/em><\/strong><\/p>\n<ul style=\"text-align: justify;\">\n<li>Neadaptarea vitezei la condi\u0163iile de drum reprezint\u0103 una dintre principalele cauze generatoare de evenimente rutiere?<\/li>\n<\/ul>\n<p style=\"text-align: justify;\">\n<ul style=\"text-align: justify;\">\n<li>Distan\u0163a de fr\u00e2nare a unui autovehicul se triplez\u0103 \u00een condi\u0163iile unui carosabil alunecos?<\/li>\n<\/ul>\n<p style=\"text-align: justify;\">\n<ul style=\"text-align: justify;\">\n<li>Cele mai dificile manevre pe timp de iarna \u00een traficul urban sunt plecarea de pe loc, depasirea \u015fi oprirea \u00een conditii de siguran\u0163\u0103?<\/li>\n<\/ul>\n<p style=\"text-align: justify;\">\n<ul style=\"text-align: justify;\">\n<li>Cea\u0163a, precipita\u0163iile, albul z\u0103pezii \u00eengreuneaz\u0103 vederea, iar oboseala se instaleaz\u0103 mai repede?<\/li>\n<\/ul>\n<p style=\"text-align: justify;\">\n<ul style=\"text-align: justify;\">\n<li>\u00centr-o zi \u00een care precipita\u0163iile sunt abundente, num\u0103rul accidentelor cre\u015fte considerabil?<\/li>\n<\/ul>\n<p style=\"text-align: justify;\">\n<p style=\"text-align: justify;\"><strong><em>Poli\u021bi\u0219tii giurgiuveni v\u0103 recomand\u0103<\/em><\/strong><strong><em>:<\/em><\/strong><\/p>\n<p style=\"text-align: justify;\">\n<ul style=\"text-align: justify;\">\n<li>Conduce\u0163i cu pruden\u0163\u0103, m\u0103ri\u0163i distan\u0163a de siguran\u0163\u0103 \u00een mers, adapta\u0163i permanent viteza de deplasare la condi\u0163iile meteo \u015fi de trafic \u015fi nu v\u0103 angaja\u0163i \u00een efectuarea de manevre riscante.<\/li>\n<\/ul>\n<p style=\"text-align: justify;\">\n<ul style=\"text-align: justify;\">\n<li>Adapta\u0163i permanent viteza la condi\u0163iile de drum (carosabil acoperit cu z\u0103pad\u0103, gheat\u0103 sau polei);<\/li>\n<\/ul>\n<p style=\"text-align: justify;\">\n<ul style=\"text-align: justify;\">\n<li>Circula\u0163i cu o vitez\u0103 care s\u0103 nu dep\u0103\u015feasc\u0103 30 km\/h, \u00een localit\u0103\u0163i, sau 50 km\/h \u00een afara lor c\u00e2nd partea carosabil\u0103 este acoperit\u0103 cu polei, ghea\u0163\u0103, z\u0103pad\u0103 b\u0103t\u0103torit\u0103, m\u00e2zg\u0103 sau piatr\u0103 cubic\u0103 umed\u0103. Conform prevederilor legale \u00een domeniu reprezint\u0103 obliga\u0163ie a conduc\u0103torului de vehicul.<\/li>\n<\/ul>\n<p style=\"text-align: justify;\">\n<ul style=\"text-align: justify;\">\n<li>Folosi\u0163i corespunz\u0103tor sistemul de iluminare-semnalizare, c\u00e2t \u015fi cel de climatizare si dezaburire, pentru a vedea si a putea fi v\u0103zu\u0163i in trafic. Reamintim c\u0103 legisla\u0163ia rutier\u0103 prevede obligativitatea folosirii luminilor de \u00eent\u00e2lnire, \u00een afara localit\u0103\u0163ilor \u015fi \u00een timpul zilei;<\/li>\n<\/ul>\n<p style=\"text-align: justify;\">\n<ul style=\"text-align: justify;\">\n<li>P\u0103stra\u0163i \u00een mers o distan\u0163\u0103 suficient\u0103 pentru a putea opri in condi\u0163ii de siguran\u0163a atunci c\u00e2nd condi\u0163iile de deplasare sunt nefavorabile;<\/li>\n<\/ul>\n<p style=\"text-align: justify;\">\n<ul style=\"text-align: justify;\">\n<li>Echipa\u0163i autovehiculul cu pneuri corespunz\u0103toare;<\/li>\n<\/ul>\n<p style=\"text-align: justify;\">\n<ul style=\"text-align: justify;\">\n<li>Verifica\u0163i periodic acumulatorul acestuia;<\/li>\n<\/ul>\n<p style=\"text-align: justify;\">\n<ul style=\"text-align: justify;\">\n<li>Nu brusca\u0163i comenzile si folosi\u0163i cu preponderenta fr\u00e2na de motor;<\/li>\n<\/ul>\n<p style=\"text-align: justify;\">\n<ul style=\"text-align: justify;\">\n<li>\u00cen zilele cu ploi, lapovi\u0163\u0103 sau ninsoare, ac\u0163iona\u0163i din timp \u015fterg\u0103toarele de parbriz;<\/li>\n<\/ul>\n<p style=\"text-align: justify;\">\n<ul>\n<li style=\"text-align: justify;\">Operatorii de transport ce de\u0163in autovehicule cu mas\u0103 mai mare de 3,5 tone, au obliga\u0163ia legala, de a monta pe ro\u0163i lan\u0163uri sau alte echipamente antiderapante omologate, pe perioadele si pe drumurile stabilite.<\/li>\n<\/ul>\n","protected":false},"excerpt":{"rendered":"<p>Av\u00e2nd \u00een vedere faptul c\u0103<\/p>\n","protected":false},"author":1,"featured_media":0,"comment_status":"open","ping_status":"open","sticky":false,"template":"","format":"standard","meta":{"footnotes":""},"categories":[6],"tags":[],"class_list":["post-94838","post","type-post","status-publish","format-standard","hentry","category-breaking-news"],"_links":{"self":[{"href":"https:\/\/www.giurgiuveanul.ro\/stiri\/wp-json\/wp\/v2\/posts\/94838","targetHints":{"allow":["GET"]}}],"collection":[{"href":"https:\/\/www.giurgiuveanul.ro\/stiri\/wp-json\/wp\/v2\/posts"}],"about":[{"href":"https:\/\/www.giurgiuveanul.ro\/stiri\/wp-json\/wp\/v2\/types\/post"}],"author":[{"embeddable":true,"href":"https:\/\/www.giurgiuveanul.ro\/stiri\/wp-json\/wp\/v2\/users\/1"}],"replies":[{"embeddable":true,"href":"https:\/\/www.giurgiuveanul.ro\/stiri\/wp-json\/wp\/v2\/comments?post=94838"}],"version-history":[{"count":0,"href":"https:\/\/www.giurgiuveanul.ro\/stiri\/wp-json\/wp\/v2\/posts\/94838\/revisions"}],"wp:attachment":[{"href":"https:\/\/www.giurgiuveanul.ro\/stiri\/wp-json\/wp\/v2\/media?parent=94838"}],"wp:term":[{"taxonomy":"category","embeddable":true,"href":"https:\/\/www.giurgiuveanul.ro\/stiri\/wp-json\/wp\/v2\/categories?post=94838"},{"taxonomy":"post_tag","embeddable":true,"href":"https:\/\/www.giurgiuveanul.ro\/stiri\/wp-json\/wp\/v2\/tags?post=94838"}],"curies":[{"name":"wp","href":"https:\/\/api.w.org\/{rel}","templated":true}]}}