{"id":94861,"date":"2023-01-13T16:11:28","date_gmt":"2023-01-13T14:11:28","guid":{"rendered":"https:\/\/www.giurgiuveanul.ro\/stiri\/?p=94861"},"modified":"2023-01-13T16:12:27","modified_gmt":"2023-01-13T14:12:27","slug":"actiune-a-politistilor-rutieri-pentru-verificarea-legalitatii-transportului-de-persoane","status":"publish","type":"post","link":"https:\/\/www.giurgiuveanul.ro\/stiri\/actiune-a-politistilor-rutieri-pentru-verificarea-legalitatii-transportului-de-persoane\/","title":{"rendered":"Ac\u021biune a poli\u021bi\u0219tilor rutieri pentru verificarea legalit\u0103\u021bii transportului de persoane"},"content":{"rendered":"<p style=\"text-align: justify;\"><strong><a href=\"https:\/\/www.giurgiuveanul.ro\/stiri\/wp-content\/uploads\/2023\/01\/IMG_5728.jpg\"><img loading=\"lazy\" decoding=\"async\" class=\"aligncenter wp-image-94862\" src=\"https:\/\/www.giurgiuveanul.ro\/stiri\/wp-content\/uploads\/2023\/01\/IMG_5728-560x381.jpg\" alt=\"\" width=\"579\" height=\"394\" srcset=\"https:\/\/www.giurgiuveanul.ro\/stiri\/wp-content\/uploads\/2023\/01\/IMG_5728-560x381.jpg 560w, https:\/\/www.giurgiuveanul.ro\/stiri\/wp-content\/uploads\/2023\/01\/IMG_5728-250x170.jpg 250w, https:\/\/www.giurgiuveanul.ro\/stiri\/wp-content\/uploads\/2023\/01\/IMG_5728-768x522.jpg 768w, https:\/\/www.giurgiuveanul.ro\/stiri\/wp-content\/uploads\/2023\/01\/IMG_5728-400x272.jpg 400w, https:\/\/www.giurgiuveanul.ro\/stiri\/wp-content\/uploads\/2023\/01\/IMG_5728.jpg 899w\" sizes=\"auto, (max-width: 579px) 100vw, 579px\" \/><\/a>\u00cen aceast\u0103 diminea\u021b\u0103, \u00een intervalul orar<!--more--> 07.00-09.30, poli\u021bi\u0219tii rutieri din cadrul Inspectoratului de Poli\u021bie Jude\u021bean Giurgiu au desf\u0103\u0219urat, pe drumurile publice din jude\u021b, ac\u021biuni pentru verificarea modului \u00een care se efectueaz\u0103 transporturile publice de persoane.\u00a0<\/strong><\/p>\n<p><a href=\"https:\/\/www.giurgiuveanul.ro\/stiri\/wp-content\/uploads\/2023\/01\/foto-4.jpeg\"><img loading=\"lazy\" decoding=\"async\" class=\"aligncenter  wp-image-94865\" src=\"https:\/\/www.giurgiuveanul.ro\/stiri\/wp-content\/uploads\/2023\/01\/foto-4-560x380.jpeg\" alt=\"\" width=\"581\" height=\"394\" srcset=\"https:\/\/www.giurgiuveanul.ro\/stiri\/wp-content\/uploads\/2023\/01\/foto-4-560x380.jpeg 560w, https:\/\/www.giurgiuveanul.ro\/stiri\/wp-content\/uploads\/2023\/01\/foto-4-250x170.jpeg 250w, https:\/\/www.giurgiuveanul.ro\/stiri\/wp-content\/uploads\/2023\/01\/foto-4-768x521.jpeg 768w, https:\/\/www.giurgiuveanul.ro\/stiri\/wp-content\/uploads\/2023\/01\/foto-4-400x272.jpeg 400w, https:\/\/www.giurgiuveanul.ro\/stiri\/wp-content\/uploads\/2023\/01\/foto-4.jpeg 1000w\" sizes=\"auto, (max-width: 581px) 100vw, 581px\" \/><\/a><\/p>\n<p style=\"text-align: justify;\">Scopul ac\u0163iunii a fost unul preventiv \u015fi a vizat impunerea disciplinei rutiere \u00een domeniul transportului public de persoane \u015fi men\u0163inerea trendului descendent \u00een ceea ce prive\u015fte num\u0103rul de evenimente rutiere \u00een care pot fi implicate astfel de autovehicule.<\/p>\n<p style=\"text-align: justify;\">\u00cen cadrul ac\u021biunii, poli\u0163i\u015ftii au verificat 51 de autovehicule care efectueaz\u0103 acest gen de transport.<\/p>\n<p><a href=\"https:\/\/www.giurgiuveanul.ro\/stiri\/wp-content\/uploads\/2023\/01\/IMG_5736.jpg\"><img loading=\"lazy\" decoding=\"async\" class=\"aligncenter  wp-image-94866\" src=\"https:\/\/www.giurgiuveanul.ro\/stiri\/wp-content\/uploads\/2023\/01\/IMG_5736-560x345.jpg\" alt=\"\" width=\"576\" height=\"355\" srcset=\"https:\/\/www.giurgiuveanul.ro\/stiri\/wp-content\/uploads\/2023\/01\/IMG_5736-560x345.jpg 560w, https:\/\/www.giurgiuveanul.ro\/stiri\/wp-content\/uploads\/2023\/01\/IMG_5736-250x154.jpg 250w, https:\/\/www.giurgiuveanul.ro\/stiri\/wp-content\/uploads\/2023\/01\/IMG_5736-768x474.jpg 768w, https:\/\/www.giurgiuveanul.ro\/stiri\/wp-content\/uploads\/2023\/01\/IMG_5736-400x247.jpg 400w, https:\/\/www.giurgiuveanul.ro\/stiri\/wp-content\/uploads\/2023\/01\/IMG_5736.jpg 900w\" sizes=\"auto, (max-width: 576px) 100vw, 576px\" \/><\/a><\/p>\n<p style=\"text-align: justify;\">Pentru neregulile constatate, au fost aplicate 35 de sanc\u021biuni contraven\u021bionale, dintre care opt pentru nerespectarea prevederilor Hot\u0103r\u00e2rii Guvernului nr. 69\/2012, 26 pentru nerespectarea prevederilor Ordonan\u021bei de Urgen\u021b\u0103 a Guvernului nr. 195\/2002 \u0219i una pentru nerespectarea prevederilor Ordonan\u021bei Guvernului nr. 37\/2007.<\/p>\n<p style=\"text-align: justify;\">De asemenea au fost retrase dou\u0103 certificate de \u00eenmatriculare.<\/p>\n<p style=\"text-align: justify;\">Poli\u021bi\u0219tii au testat cu aparatul etilotest to\u021bi conduc\u0103torii de autovehicule care efectueaz\u0103 acest gen de transport, \u00een vederea identific\u0103rii conduc\u0103torilor care au consumat b\u0103uturi alcoolice.<\/p>\n<p style=\"text-align: justify;\">Nerespectarea de c\u0103tre conduc\u0103torul auto, \u00een cazul efectu\u0103rii transportului rutier de persoane, a obliga\u021biei de a emite bilete sau legitima\u021bii de c\u0103l\u0103torie sau emiterea de bilete sau legitima\u021bii de c\u0103l\u0103torie necorespunz\u0103toare tarifelor aferente distan\u021bei parcurse de persoanele transportate, se sanc\u021bioneaz\u0103 cu amend\u0103 de la 9.000 la 12.000 de lei.<\/p>\n<p style=\"text-align: justify;\">Poli\u021bi\u0219tii reamintesc conduc\u0103torilor auto care efectueaz\u0103 transport de persoane c\u0103 nerespectarea obliga\u021biei de a efectua transport rutier de persoane numai \u00een limita num\u0103rului de locuri \u00eenscris \u00een certificatul de \u00eenmatriculare, se sanc\u021bioneaz\u0103 cu amend\u0103 de la 9.000 la 12.000 de lei.<\/p>\n<p style=\"text-align: justify;\">\n","protected":false},"excerpt":{"rendered":"<p>\u00cen aceast\u0103 diminea\u021b\u0103, \u00een intervalul orar<\/p>\n","protected":false},"author":1,"featured_media":0,"comment_status":"open","ping_status":"open","sticky":false,"template":"","format":"standard","meta":{"footnotes":""},"categories":[6],"tags":[],"class_list":["post-94861","post","type-post","status-publish","format-standard","hentry","category-breaking-news"],"_links":{"self":[{"href":"https:\/\/www.giurgiuveanul.ro\/stiri\/wp-json\/wp\/v2\/posts\/94861","targetHints":{"allow":["GET"]}}],"collection":[{"href":"https:\/\/www.giurgiuveanul.ro\/stiri\/wp-json\/wp\/v2\/posts"}],"about":[{"href":"https:\/\/www.giurgiuveanul.ro\/stiri\/wp-json\/wp\/v2\/types\/post"}],"author":[{"embeddable":true,"href":"https:\/\/www.giurgiuveanul.ro\/stiri\/wp-json\/wp\/v2\/users\/1"}],"replies":[{"embeddable":true,"href":"https:\/\/www.giurgiuveanul.ro\/stiri\/wp-json\/wp\/v2\/comments?post=94861"}],"version-history":[{"count":0,"href":"https:\/\/www.giurgiuveanul.ro\/stiri\/wp-json\/wp\/v2\/posts\/94861\/revisions"}],"wp:attachment":[{"href":"https:\/\/www.giurgiuveanul.ro\/stiri\/wp-json\/wp\/v2\/media?parent=94861"}],"wp:term":[{"taxonomy":"category","embeddable":true,"href":"https:\/\/www.giurgiuveanul.ro\/stiri\/wp-json\/wp\/v2\/categories?post=94861"},{"taxonomy":"post_tag","embeddable":true,"href":"https:\/\/www.giurgiuveanul.ro\/stiri\/wp-json\/wp\/v2\/tags?post=94861"}],"curies":[{"name":"wp","href":"https:\/\/api.w.org\/{rel}","templated":true}]}}