{"id":94884,"date":"2023-01-14T11:39:00","date_gmt":"2023-01-14T09:39:00","guid":{"rendered":"https:\/\/www.giurgiuveanul.ro\/stiri\/?p=94884"},"modified":"2023-01-14T11:39:53","modified_gmt":"2023-01-14T09:39:53","slug":"in-aceasta-dimineata-incendiu-violent-la-o-casa-de-pe-strada-ramadan-in-municipiul-giurgiu-28-de-persoane-dintr-un-camin-pentru-persoane-varstnice-au-fost-evacuate-foto","status":"publish","type":"post","link":"https:\/\/www.giurgiuveanul.ro\/stiri\/in-aceasta-dimineata-incendiu-violent-la-o-casa-de-pe-strada-ramadan-in-municipiul-giurgiu-28-de-persoane-dintr-un-camin-pentru-persoane-varstnice-au-fost-evacuate-foto\/","title":{"rendered":"\u00cen aceast\u0103 diminea\u0163\u0103, incendiu violent la o cas\u0103 de pe strada Ramadan, \u00een municipiul Giurgiu. 28 de persoane dintr-un c\u0103min pentru persoane v\u00e2rstnice au fost evacuate (FOTO)"},"content":{"rendered":"<p style=\"text-align: justify;\"><strong><a href=\"https:\/\/www.giurgiuveanul.ro\/stiri\/wp-content\/uploads\/2023\/01\/1-1.jpeg\"><img loading=\"lazy\" decoding=\"async\" class=\"aligncenter wp-image-94885\" src=\"https:\/\/www.giurgiuveanul.ro\/stiri\/wp-content\/uploads\/2023\/01\/1-1-560x420.jpeg\" alt=\"\" width=\"577\" height=\"433\" srcset=\"https:\/\/www.giurgiuveanul.ro\/stiri\/wp-content\/uploads\/2023\/01\/1-1-560x420.jpeg 560w, https:\/\/www.giurgiuveanul.ro\/stiri\/wp-content\/uploads\/2023\/01\/1-1-250x188.jpeg 250w, https:\/\/www.giurgiuveanul.ro\/stiri\/wp-content\/uploads\/2023\/01\/1-1-768x576.jpeg 768w, https:\/\/www.giurgiuveanul.ro\/stiri\/wp-content\/uploads\/2023\/01\/1-1-1536x1152.jpeg 1536w, https:\/\/www.giurgiuveanul.ro\/stiri\/wp-content\/uploads\/2023\/01\/1-1-400x300.jpeg 400w, https:\/\/www.giurgiuveanul.ro\/stiri\/wp-content\/uploads\/2023\/01\/1-1.jpeg 2000w\" sizes=\"auto, (max-width: 577px) 100vw, 577px\" \/><\/a>Pompierii au fost solicita\u021bi s\u0103 intervin\u0103, \u00een aceast\u0103 diminea\u021b\u0103, pentru<!--more--> stingerea unui incendiu izbucnit \u00eentr-o cas\u0103, pe strada Ramadan, din municipiul Giurgiu.<\/strong><\/p>\n<p><a href=\"https:\/\/www.giurgiuveanul.ro\/stiri\/wp-content\/uploads\/2023\/01\/2-1.jpeg\"><img loading=\"lazy\" decoding=\"async\" class=\"aligncenter  wp-image-94888\" src=\"https:\/\/www.giurgiuveanul.ro\/stiri\/wp-content\/uploads\/2023\/01\/2-1-560x353.jpeg\" alt=\"\" width=\"574\" height=\"362\" srcset=\"https:\/\/www.giurgiuveanul.ro\/stiri\/wp-content\/uploads\/2023\/01\/2-1-560x353.jpeg 560w, https:\/\/www.giurgiuveanul.ro\/stiri\/wp-content\/uploads\/2023\/01\/2-1-250x158.jpeg 250w, https:\/\/www.giurgiuveanul.ro\/stiri\/wp-content\/uploads\/2023\/01\/2-1-768x484.jpeg 768w, https:\/\/www.giurgiuveanul.ro\/stiri\/wp-content\/uploads\/2023\/01\/2-1-1536x969.jpeg 1536w, https:\/\/www.giurgiuveanul.ro\/stiri\/wp-content\/uploads\/2023\/01\/2-1-400x252.jpeg 400w, https:\/\/www.giurgiuveanul.ro\/stiri\/wp-content\/uploads\/2023\/01\/2-1.jpeg 1738w\" sizes=\"auto, (max-width: 574px) 100vw, 574px\" \/><\/a> <a href=\"https:\/\/www.giurgiuveanul.ro\/stiri\/wp-content\/uploads\/2023\/01\/3-1.jpeg\"><img loading=\"lazy\" decoding=\"async\" class=\"aligncenter  wp-image-94889\" src=\"https:\/\/www.giurgiuveanul.ro\/stiri\/wp-content\/uploads\/2023\/01\/3-1-560x420.jpeg\" alt=\"\" width=\"571\" height=\"428\" srcset=\"https:\/\/www.giurgiuveanul.ro\/stiri\/wp-content\/uploads\/2023\/01\/3-1-560x420.jpeg 560w, https:\/\/www.giurgiuveanul.ro\/stiri\/wp-content\/uploads\/2023\/01\/3-1-250x188.jpeg 250w, https:\/\/www.giurgiuveanul.ro\/stiri\/wp-content\/uploads\/2023\/01\/3-1-768x576.jpeg 768w, https:\/\/www.giurgiuveanul.ro\/stiri\/wp-content\/uploads\/2023\/01\/3-1-1536x1152.jpeg 1536w, https:\/\/www.giurgiuveanul.ro\/stiri\/wp-content\/uploads\/2023\/01\/3-1-400x300.jpeg 400w, https:\/\/www.giurgiuveanul.ro\/stiri\/wp-content\/uploads\/2023\/01\/3-1.jpeg 2000w\" sizes=\"auto, (max-width: 571px) 100vw, 571px\" \/><\/a><\/p>\n<p style=\"text-align: justify;\">Incendiul se manifesta violent, cu degaj\u0103ri de fum, iar casa se afla \u00een imediata apropiere a unui c\u0103min pentru persoane v\u00e2rstnice, situat pe \u0219oseaua Sloboziei. Fumul a p\u0103truns \u0219i \u00een cl\u0103direa respectiv\u0103, fiind necesar\u0103 evacuarea a 28 de persoane care erau cazate \u00een c\u0103min \u0219i a personalului de serviciu, ca m\u0103sur\u0103 de protec\u021bie. Acestea se aflau la parter \u0219i la etajul 1 \u0219i au fost evacuate de pompieri \u00een curtea c\u0103minului. Imediat, s-au aerisit toate \u00eenc\u0103perile afectate de fum, la etaj, iar 27 de persoane au fost conduse \u00een s\u0103lile amenajate la parterul cl\u0103dirii. O femeie, \u00een v\u00e2rst\u0103 de 91 de ani, cu probleme medicale deja existente, a fost preluat\u0103 de un echipaj SMURD \u0219i transportat\u0103 la spital.<\/p>\n<p style=\"text-align: justify;\">Concomitent cu ac\u021biunea de evacuare \u0219i salvare a persoanelor, pompierii au ac\u021bionat pentru stingere incendiului la locuin\u021ba din strada Ramadan. Acesta se manifesta pe o suprafa\u021b\u0103 de aproximativ 250 mp.<\/p>\n<p style=\"text-align: justify;\">Proprietarii locuin\u021bei s-au autoevacuat \u0219i nu au avut nevoie de \u00eengrijiri medicale.<\/p>\n<p style=\"text-align: justify;\">Au ars ferestre, u\u0219i, mobilier, electronice \u0219i electrocasnice, o ton\u0103 de lemne de foc, articole textile, iar pere\u021bii casei s-au degradat \u00een propor\u021bie de aproximativ 65%.<\/p>\n<p style=\"text-align: justify;\">Alte dou\u0103 propriet\u0103\u021bi au fost afectate de acest incendiu.<\/p>\n<p style=\"text-align: justify;\">La c\u0103minul pentru persoane v\u00e2rstnice, s-au deteriorat o fereastr\u0103 PVC, izola\u021bia exterioar\u0103 a cl\u0103dirii pe o suprafa\u0163\u0103 de aproximativ 25 mp \u0219i un aparat de aer condi\u021bionat.<\/p>\n<p style=\"text-align: justify;\">La un alt vecin, au ars dou\u0103 ferestre PVC \u0219i s-a deteriorat tencuiala casei pe o suprafa\u021b\u0103 de circa 30 mp.<\/p>\n<p style=\"text-align: justify;\">Cel mai probabil incendiul s-a produs din cauza co\u0219ului de fum neprotejat termic fa\u021b\u0103 de materialele combustibile din apropiere.<\/p>\n<p style=\"text-align: justify;\">La fa\u021ba locului s-au deplasat pompierii din cadrul Deta\u0219amentului Giurgiu, cu trei autospeciale de stingere cu ap\u0103 \u0219i spum\u0103, o cistern\u0103, o descarcerare, un echipaj SMURD \u0219i dou\u0103 ambulan\u021be SAJ.<\/p>\n<p style=\"text-align: justify;\"><strong>Informare preventiv\u0103<\/strong><\/p>\n<p style=\"text-align: justify;\">Pentru \u00eenl\u0103turarea pericolului de incendiu care poate ap\u0103rea pe timpul exploat\u0103rii co\u015furilor de fum, trebuie adoptate m\u0103suri care s\u0103 asigure:<\/p>\n<p style=\"text-align: justify;\">&#8211;\u00a0\u00a0\u00a0\u00a0\u00a0\u00a0 verificarea co\u015furilor de evacuare a fumului, pentru ca acestea s\u0103 nu prezinte fisuri care s\u0103 permit\u0103 sc\u00e2nteilor s\u0103 incendieze materialele combustibile ale plan\u0219eului sau acoperi\u0219ului (grinzi, astereal\u0103 etc.);<\/p>\n<p style=\"text-align: justify;\">&#8211;\u00a0\u00a0\u00a0\u00a0\u00a0\u00a0 cur\u0103\u021barea periodic\u0103 a co\u0219urilor de fum pentru eliminarea depunerilor de funingine care se pot aprinde sau pot obtura canalele de evacuare;<\/p>\n<p style=\"text-align: justify;\">&#8211;\u00a0\u00a0\u00a0\u00a0\u00a0\u00a0 tencuirea \u015fi v\u0103ruirea p\u0103r\u0163ii din pod a co\u015fului de fum, \u00een scopul detect\u0103rii imediate a fisurilor (c\u0103ldura sau sc\u00e2nteile care ies prin fisurile unui co\u015f de fum deteriorat constituie surse de aprindere, dac\u0103 \u00een zona lor exist\u0103 elemente de construc\u0163ie sau structuri din lemn: grinzi, b\u00e2rne, suport acoperi\u015f etc);<\/p>\n<p style=\"text-align: justify;\">&#8211;\u00a0\u00a0\u00a0\u00a0\u00a0\u00a0 \u00eengro\u0219area zid\u0103riei co\u015fului la trecerea prin plan\u015fee, l\u0103s\u00e2ndu-se un spa\u0163iu \u00eentre aceast\u0103 zid\u0103rie \u015fi elementele combustibile ale plan\u015feului;<\/p>\n<p style=\"text-align: justify;\">&#8211;\u00a0\u00a0\u00a0\u00a0\u00a0\u00a0 p\u0103strarea distan\u0163ei dintre fa\u0163a exterioar\u0103 a co\u015furilor \u015fi elementele combustibile ale acoperi\u015fului.<\/p>\n","protected":false},"excerpt":{"rendered":"<p>Pompierii au fost solicita\u021bi s\u0103 intervin\u0103, \u00een aceast\u0103 diminea\u021b\u0103, pentru<\/p>\n","protected":false},"author":1,"featured_media":0,"comment_status":"open","ping_status":"open","sticky":false,"template":"","format":"standard","meta":{"footnotes":""},"categories":[6],"tags":[],"class_list":["post-94884","post","type-post","status-publish","format-standard","hentry","category-breaking-news"],"_links":{"self":[{"href":"https:\/\/www.giurgiuveanul.ro\/stiri\/wp-json\/wp\/v2\/posts\/94884","targetHints":{"allow":["GET"]}}],"collection":[{"href":"https:\/\/www.giurgiuveanul.ro\/stiri\/wp-json\/wp\/v2\/posts"}],"about":[{"href":"https:\/\/www.giurgiuveanul.ro\/stiri\/wp-json\/wp\/v2\/types\/post"}],"author":[{"embeddable":true,"href":"https:\/\/www.giurgiuveanul.ro\/stiri\/wp-json\/wp\/v2\/users\/1"}],"replies":[{"embeddable":true,"href":"https:\/\/www.giurgiuveanul.ro\/stiri\/wp-json\/wp\/v2\/comments?post=94884"}],"version-history":[{"count":0,"href":"https:\/\/www.giurgiuveanul.ro\/stiri\/wp-json\/wp\/v2\/posts\/94884\/revisions"}],"wp:attachment":[{"href":"https:\/\/www.giurgiuveanul.ro\/stiri\/wp-json\/wp\/v2\/media?parent=94884"}],"wp:term":[{"taxonomy":"category","embeddable":true,"href":"https:\/\/www.giurgiuveanul.ro\/stiri\/wp-json\/wp\/v2\/categories?post=94884"},{"taxonomy":"post_tag","embeddable":true,"href":"https:\/\/www.giurgiuveanul.ro\/stiri\/wp-json\/wp\/v2\/tags?post=94884"}],"curies":[{"name":"wp","href":"https:\/\/api.w.org\/{rel}","templated":true}]}}