{"id":94919,"date":"2023-01-15T14:13:45","date_gmt":"2023-01-15T12:13:45","guid":{"rendered":"https:\/\/www.giurgiuveanul.ro\/stiri\/?p=94919"},"modified":"2023-01-15T14:14:14","modified_gmt":"2023-01-15T12:14:14","slug":"primaria-municipiului-giurgiu-a-fost-dat-ordinul-de-incepere-a-lucrarilor-pentru-casa-tineretului","status":"publish","type":"post","link":"https:\/\/www.giurgiuveanul.ro\/stiri\/primaria-municipiului-giurgiu-a-fost-dat-ordinul-de-incepere-a-lucrarilor-pentru-casa-tineretului\/","title":{"rendered":"Prim\u0103ria Municipiului Giurgiu. A fost dat ordinul de \u00eencepere a lucr\u0103rilor pentru Casa Tineretului"},"content":{"rendered":"<p style=\"text-align: justify;\"><a href=\"https:\/\/www.giurgiuveanul.ro\/stiri\/wp-content\/uploads\/2023\/01\/324839544_3524721891136068_1223739463893710933_n.jpg\"><img loading=\"lazy\" decoding=\"async\" class=\"aligncenter wp-image-94920\" src=\"https:\/\/www.giurgiuveanul.ro\/stiri\/wp-content\/uploads\/2023\/01\/324839544_3524721891136068_1223739463893710933_n-560x385.jpg\" alt=\"\" width=\"580\" height=\"399\" srcset=\"https:\/\/www.giurgiuveanul.ro\/stiri\/wp-content\/uploads\/2023\/01\/324839544_3524721891136068_1223739463893710933_n-560x385.jpg 560w, https:\/\/www.giurgiuveanul.ro\/stiri\/wp-content\/uploads\/2023\/01\/324839544_3524721891136068_1223739463893710933_n-250x172.jpg 250w, https:\/\/www.giurgiuveanul.ro\/stiri\/wp-content\/uploads\/2023\/01\/324839544_3524721891136068_1223739463893710933_n-768x528.jpg 768w, https:\/\/www.giurgiuveanul.ro\/stiri\/wp-content\/uploads\/2023\/01\/324839544_3524721891136068_1223739463893710933_n-400x275.jpg 400w, https:\/\/www.giurgiuveanul.ro\/stiri\/wp-content\/uploads\/2023\/01\/324839544_3524721891136068_1223739463893710933_n.jpg 1000w\" sizes=\"auto, (max-width: 580px) 100vw, 580px\" \/><\/a>Municipiul Giurgiu<!--more--> implementeaz\u0103 proiectul &#8222;Facilit\u0103\u021bi comunitare integrate pentru locuitorii din teritoriul SDL Giurgiu&#8221; &#8211; cod SMIS 137489, prin Programul Opera\u021bional Regional\u00a0 2014 &#8211; 2020, Axa prioritar\u0103 9 \u2013 Sprijinirea regener\u0103rii economice \u0219i sociale a comunit\u0103\u021bilor defavorizate din mediul urban, Prioritatea de Investi\u021bii 9.1 \u2013 Dezvoltarea Local\u0103 sub responsabilitatea comunit\u0103\u021bii (DLRC), Obiectiv Specific \u2013\u00a0 Reducerea num\u0103rului de persoane aflate \u00een risc de s\u0103r\u0103cie \u0219i excluziune social\u0103 prin m\u0103suri integrate.<\/p>\n<p style=\"text-align: justify;\">Unul dintre obiectivele proiectului este\u00a0 <strong>&#8222;Construirea \/ modernizarea \/ renovarea unui Centru Comunitar Integrat \u2013 CCI\u201d<\/strong>.<\/p>\n<p style=\"text-align: justify;\">Centrul Comunitar Integrat va fi amenajat pe structura construc\u021biei nefinalizat\u0103 cunoscut\u0103 \u00een municipiul Giurgiu sub denumirea de Casa Tineretului, iar \u00een cadrul acestuia\u00a0 vor fi furnizate servicii de tip SOFT precum: servicii educa\u021bionale pentru adul\u021bi \u0219i copii, servicii personalizate de ocupare, servicii socio-medicale pentru adul\u021bi \u0219i copii, servicii pentru copii\/femei \u00een situa\u021bii de vulnerabilitate, servicii de \u00eent\u0103rire a comunit\u0103\u021bii, punct de acces public la informa\u021bii, servicii sportive \u0219i recreative etc.<\/p>\n<p style=\"text-align: justify;\">\u00cen\u00a0 data de 29 decembrie 2022 a fost semnat contractul de lucr\u0103ri aferent obiectivului de investi\u021bii men\u021bionat, av\u00e2nd o valoare de\u00a0 18.413.503,16 lei, TVA Inclus.<\/p>\n","protected":false},"excerpt":{"rendered":"<p>Municipiul Giurgiu<\/p>\n","protected":false},"author":1,"featured_media":0,"comment_status":"open","ping_status":"open","sticky":false,"template":"","format":"standard","meta":{"footnotes":""},"categories":[6],"tags":[],"class_list":["post-94919","post","type-post","status-publish","format-standard","hentry","category-breaking-news"],"_links":{"self":[{"href":"https:\/\/www.giurgiuveanul.ro\/stiri\/wp-json\/wp\/v2\/posts\/94919","targetHints":{"allow":["GET"]}}],"collection":[{"href":"https:\/\/www.giurgiuveanul.ro\/stiri\/wp-json\/wp\/v2\/posts"}],"about":[{"href":"https:\/\/www.giurgiuveanul.ro\/stiri\/wp-json\/wp\/v2\/types\/post"}],"author":[{"embeddable":true,"href":"https:\/\/www.giurgiuveanul.ro\/stiri\/wp-json\/wp\/v2\/users\/1"}],"replies":[{"embeddable":true,"href":"https:\/\/www.giurgiuveanul.ro\/stiri\/wp-json\/wp\/v2\/comments?post=94919"}],"version-history":[{"count":0,"href":"https:\/\/www.giurgiuveanul.ro\/stiri\/wp-json\/wp\/v2\/posts\/94919\/revisions"}],"wp:attachment":[{"href":"https:\/\/www.giurgiuveanul.ro\/stiri\/wp-json\/wp\/v2\/media?parent=94919"}],"wp:term":[{"taxonomy":"category","embeddable":true,"href":"https:\/\/www.giurgiuveanul.ro\/stiri\/wp-json\/wp\/v2\/categories?post=94919"},{"taxonomy":"post_tag","embeddable":true,"href":"https:\/\/www.giurgiuveanul.ro\/stiri\/wp-json\/wp\/v2\/tags?post=94919"}],"curies":[{"name":"wp","href":"https:\/\/api.w.org\/{rel}","templated":true}]}}