{"id":94929,"date":"2023-01-16T10:25:37","date_gmt":"2023-01-16T08:25:37","guid":{"rendered":"https:\/\/www.giurgiuveanul.ro\/stiri\/?p=94929"},"modified":"2023-01-16T10:26:27","modified_gmt":"2023-01-16T08:26:27","slug":"patru-barbati-retinuti-pentru-savarsirea-mai-multor-infractiuni","status":"publish","type":"post","link":"https:\/\/www.giurgiuveanul.ro\/stiri\/patru-barbati-retinuti-pentru-savarsirea-mai-multor-infractiuni\/","title":{"rendered":"Patru b\u0103rba\u021bi re\u021binu\u021bi pentru s\u0103v\u00e2r\u0219irea mai multor infrac\u021biuni"},"content":{"rendered":"<p style=\"text-align: justify;\"><a href=\"https:\/\/www.giurgiuveanul.ro\/stiri\/wp-content\/uploads\/2023\/01\/NDkxMTgxOTBjMTY5ZmUyZGE4NDdhNGQ1Nzc.thumb_.jpg\"><img loading=\"lazy\" decoding=\"async\" class=\"aligncenter wp-image-94913\" src=\"https:\/\/www.giurgiuveanul.ro\/stiri\/wp-content\/uploads\/2023\/01\/NDkxMTgxOTBjMTY5ZmUyZGE4NDdhNGQ1Nzc.thumb_-560x294.jpg\" alt=\"\" width=\"578\" height=\"304\" srcset=\"https:\/\/www.giurgiuveanul.ro\/stiri\/wp-content\/uploads\/2023\/01\/NDkxMTgxOTBjMTY5ZmUyZGE4NDdhNGQ1Nzc.thumb_-560x294.jpg 560w, https:\/\/www.giurgiuveanul.ro\/stiri\/wp-content\/uploads\/2023\/01\/NDkxMTgxOTBjMTY5ZmUyZGE4NDdhNGQ1Nzc.thumb_-250x131.jpg 250w, https:\/\/www.giurgiuveanul.ro\/stiri\/wp-content\/uploads\/2023\/01\/NDkxMTgxOTBjMTY5ZmUyZGE4NDdhNGQ1Nzc.thumb_-768x403.jpg 768w, https:\/\/www.giurgiuveanul.ro\/stiri\/wp-content\/uploads\/2023\/01\/NDkxMTgxOTBjMTY5ZmUyZGE4NDdhNGQ1Nzc.thumb_-400x210.jpg 400w, https:\/\/www.giurgiuveanul.ro\/stiri\/wp-content\/uploads\/2023\/01\/NDkxMTgxOTBjMTY5ZmUyZGE4NDdhNGQ1Nzc.thumb_.jpg 1200w\" sizes=\"auto, (max-width: 578px) 100vw, 578px\" \/><\/a>La data de<!--more--> 15 ianuarie a.c., ora 03.30 Poli\u021bia Ora\u0219ului Mih\u0103ile\u0219ti a fost sesizat\u0103, prin apel 112, cu privire la faptul c\u0103, la un restaurant din localitatea Ogrezeni, jude\u021bul Giurgiu are loc un conflict \u00eentre mai multe persoane.<\/p>\n<p style=\"text-align: justify;\">\u00cen temeiul sesiz\u0103rii, poli\u021bi\u0219tii s-au deplasat la fa\u021ba locului, iar din\u00a0 primele cercet\u0103ri a reie\u0219it faptul c\u0103, mai mul\u021bi b\u0103rba\u021bi cu v\u00e2rste cuprinse \u00eentre 17-44 de ani, din municipiul Bucure\u0219ti, jude\u021bele Giurgiu \u0219i D\u00e2mbovi\u021ba ar fi avut un conflict spontan, \u00een urma c\u0103ruia a rezultat r\u0103nirea a 3 b\u0103rba\u021bi care au fost transporta\u021bi la spital, pentru acordarea de \u00eengrijiri medicale, 2 dintre aces\u021bia r\u0103m\u00e2n\u00e2nd interna\u021bi.<\/p>\n<p style=\"text-align: justify;\">Pe baza probatoriului administrat, sub coordonarea procurorului din cadrul Judec\u0103toriei Bolintin-Vale, 4 b\u0103rba\u021bi cu v\u00e2rste cuprinse \u00eentre 17 \u0219i 44 de ani, b\u0103nui\u021bi de s\u0103v\u00e2r\u0219irea infrac\u021biunilor de \u00eenc\u0103ierare, lovire sau alte violen\u021be \u0219i tulburarea ordinii \u0219i lini\u0219tii publice au fost re\u021binu\u021bi, pentru 24 de ore, urm\u00e2nd ca ast\u0103zi, ace\u0219tia sa fie prezenta\u021bi Parchetului de pe l\u00e2ng\u0103 Judec\u0103toria Bolintin Vale.<\/p>\n","protected":false},"excerpt":{"rendered":"<p>La data de<\/p>\n","protected":false},"author":1,"featured_media":0,"comment_status":"open","ping_status":"open","sticky":false,"template":"","format":"standard","meta":{"footnotes":""},"categories":[6],"tags":[],"class_list":["post-94929","post","type-post","status-publish","format-standard","hentry","category-breaking-news"],"_links":{"self":[{"href":"https:\/\/www.giurgiuveanul.ro\/stiri\/wp-json\/wp\/v2\/posts\/94929","targetHints":{"allow":["GET"]}}],"collection":[{"href":"https:\/\/www.giurgiuveanul.ro\/stiri\/wp-json\/wp\/v2\/posts"}],"about":[{"href":"https:\/\/www.giurgiuveanul.ro\/stiri\/wp-json\/wp\/v2\/types\/post"}],"author":[{"embeddable":true,"href":"https:\/\/www.giurgiuveanul.ro\/stiri\/wp-json\/wp\/v2\/users\/1"}],"replies":[{"embeddable":true,"href":"https:\/\/www.giurgiuveanul.ro\/stiri\/wp-json\/wp\/v2\/comments?post=94929"}],"version-history":[{"count":0,"href":"https:\/\/www.giurgiuveanul.ro\/stiri\/wp-json\/wp\/v2\/posts\/94929\/revisions"}],"wp:attachment":[{"href":"https:\/\/www.giurgiuveanul.ro\/stiri\/wp-json\/wp\/v2\/media?parent=94929"}],"wp:term":[{"taxonomy":"category","embeddable":true,"href":"https:\/\/www.giurgiuveanul.ro\/stiri\/wp-json\/wp\/v2\/categories?post=94929"},{"taxonomy":"post_tag","embeddable":true,"href":"https:\/\/www.giurgiuveanul.ro\/stiri\/wp-json\/wp\/v2\/tags?post=94929"}],"curies":[{"name":"wp","href":"https:\/\/api.w.org\/{rel}","templated":true}]}}