{"id":94963,"date":"2023-01-16T19:17:49","date_gmt":"2023-01-16T17:17:49","guid":{"rendered":"https:\/\/www.giurgiuveanul.ro\/stiri\/?p=94963"},"modified":"2023-01-16T19:20:07","modified_gmt":"2023-01-16T17:20:07","slug":"la-super-turneul-campionilor-micutii-tenismeni-din-giurgiu-campionii-campionilor","status":"publish","type":"post","link":"https:\/\/www.giurgiuveanul.ro\/stiri\/la-super-turneul-campionilor-micutii-tenismeni-din-giurgiu-campionii-campionilor\/","title":{"rendered":"La Super &#8211; Turneul Campionilor, micu\u0163ii tenismeni din Giurgiu &#8211; CAMPIONII CAMPIONILOR!"},"content":{"rendered":"<p style=\"text-align: justify;\"><a href=\"https:\/\/www.giurgiuveanul.ro\/stiri\/wp-content\/uploads\/2023\/01\/1-3.jpeg\"><img loading=\"lazy\" decoding=\"async\" class=\"aligncenter wp-image-94964\" src=\"https:\/\/www.giurgiuveanul.ro\/stiri\/wp-content\/uploads\/2023\/01\/1-3-338x450.jpeg\" alt=\"\" width=\"578\" height=\"770\" srcset=\"https:\/\/www.giurgiuveanul.ro\/stiri\/wp-content\/uploads\/2023\/01\/1-3-338x450.jpeg 338w, https:\/\/www.giurgiuveanul.ro\/stiri\/wp-content\/uploads\/2023\/01\/1-3-225x300.jpeg 225w, https:\/\/www.giurgiuveanul.ro\/stiri\/wp-content\/uploads\/2023\/01\/1-3-768x1024.jpeg 768w, https:\/\/www.giurgiuveanul.ro\/stiri\/wp-content\/uploads\/2023\/01\/1-3-1152x1536.jpeg 1152w, https:\/\/www.giurgiuveanul.ro\/stiri\/wp-content\/uploads\/2023\/01\/1-3-400x533.jpeg 400w, https:\/\/www.giurgiuveanul.ro\/stiri\/wp-content\/uploads\/2023\/01\/1-3.jpeg 1440w\" sizes=\"auto, (max-width: 578px) 100vw, 578px\" \/><\/a>U\u0219or, u\u0219or, tenisul de c\u00e2mp juvenil \u00ee\u0219i mut\u0103 centrul de greutate spre<!--more--> partea sudic\u0103 a \u021b\u0103rii.<\/p>\n<p style=\"text-align: justify;\">La sf\u00e2r\u0219itul s\u0103pt\u0103m\u00e2nii trecute, la Bucure\u015fti s-a desf\u0103\u0219urat cel mai greu concurs de tenis de camp, unde s-au \u00eent\u00e2lnit <strong>doar campionii anului 2022 din toat\u0103 \u021bara, de la Turneele Platinum \u0219i Turneele Campionilor MPG<\/strong>.<\/p>\n<p style=\"text-align: justify;\">\u0218i de aceasta dat\u0103, presta\u021bia tenismenilor giurgiuveni preg\u0103ti\u021bi de profesorul C\u0103t\u0103lin Paraschiv a fost una de excep\u021bie, ace\u0219tia adjudec\u00e2ndu-\u0219i dou\u0103 medalii de aur, prin <strong>Darius B\u00e2rlan <\/strong>(categoria portocaliu) \u0219i <strong>Darius Vintil\u0103<\/strong> (categoria ro\u0219u), o medalie de bronz, prin <strong>Adelina U\u0219\u0103\u00eenchis\u0103<\/strong> (portocaliu), un loc patru, prin <strong>Iulia Radu<\/strong> (ro\u0219u), <strong>Alex Culcea<\/strong> (ro\u0219u) fiind perdant la jocurile eliminatorii.<\/p>\n<p><a href=\"https:\/\/www.giurgiuveanul.ro\/stiri\/wp-content\/uploads\/2023\/01\/2-3.jpeg\"><img loading=\"lazy\" decoding=\"async\" class=\"aligncenter wp-image-94969\" src=\"https:\/\/www.giurgiuveanul.ro\/stiri\/wp-content\/uploads\/2023\/01\/2-3-338x450.jpeg\" alt=\"\" width=\"570\" height=\"759\" srcset=\"https:\/\/www.giurgiuveanul.ro\/stiri\/wp-content\/uploads\/2023\/01\/2-3-338x450.jpeg 338w, https:\/\/www.giurgiuveanul.ro\/stiri\/wp-content\/uploads\/2023\/01\/2-3-225x300.jpeg 225w, https:\/\/www.giurgiuveanul.ro\/stiri\/wp-content\/uploads\/2023\/01\/2-3-768x1024.jpeg 768w, https:\/\/www.giurgiuveanul.ro\/stiri\/wp-content\/uploads\/2023\/01\/2-3-1152x1536.jpeg 1152w, https:\/\/www.giurgiuveanul.ro\/stiri\/wp-content\/uploads\/2023\/01\/2-3-400x533.jpeg 400w, https:\/\/www.giurgiuveanul.ro\/stiri\/wp-content\/uploads\/2023\/01\/2-3.jpeg 1440w\" sizes=\"auto, (max-width: 570px) 100vw, 570px\" \/><\/a> <a href=\"https:\/\/www.giurgiuveanul.ro\/stiri\/wp-content\/uploads\/2023\/01\/3-3.jpeg\"><img loading=\"lazy\" decoding=\"async\" class=\"aligncenter wp-image-94970\" src=\"https:\/\/www.giurgiuveanul.ro\/stiri\/wp-content\/uploads\/2023\/01\/3-3-338x450.jpeg\" alt=\"\" width=\"569\" height=\"757\" srcset=\"https:\/\/www.giurgiuveanul.ro\/stiri\/wp-content\/uploads\/2023\/01\/3-3-338x450.jpeg 338w, https:\/\/www.giurgiuveanul.ro\/stiri\/wp-content\/uploads\/2023\/01\/3-3-225x300.jpeg 225w, https:\/\/www.giurgiuveanul.ro\/stiri\/wp-content\/uploads\/2023\/01\/3-3-400x533.jpeg 400w\" sizes=\"auto, (max-width: 569px) 100vw, 569px\" \/><\/a> <a href=\"https:\/\/www.giurgiuveanul.ro\/stiri\/wp-content\/uploads\/2023\/01\/4-2.jpeg\"><img loading=\"lazy\" decoding=\"async\" class=\"aligncenter wp-image-94971\" src=\"https:\/\/www.giurgiuveanul.ro\/stiri\/wp-content\/uploads\/2023\/01\/4-2-338x450.jpeg\" alt=\"\" width=\"562\" height=\"748\" srcset=\"https:\/\/www.giurgiuveanul.ro\/stiri\/wp-content\/uploads\/2023\/01\/4-2-338x450.jpeg 338w, https:\/\/www.giurgiuveanul.ro\/stiri\/wp-content\/uploads\/2023\/01\/4-2-225x300.jpeg 225w, https:\/\/www.giurgiuveanul.ro\/stiri\/wp-content\/uploads\/2023\/01\/4-2-768x1024.jpeg 768w, https:\/\/www.giurgiuveanul.ro\/stiri\/wp-content\/uploads\/2023\/01\/4-2-1152x1536.jpeg 1152w, https:\/\/www.giurgiuveanul.ro\/stiri\/wp-content\/uploads\/2023\/01\/4-2-400x533.jpeg 400w, https:\/\/www.giurgiuveanul.ro\/stiri\/wp-content\/uploads\/2023\/01\/4-2.jpeg 1440w\" sizes=\"auto, (max-width: 562px) 100vw, 562px\" \/><\/a><\/p>\n<p style=\"text-align: justify;\">Aceste rezultate unicat ale copiilor cu v\u00e2rsta cuprins\u0103 \u00eentre 6 \u0219i 10 ani i-au propulsat pe micu\u021bii tenismeni giurgiuveni \u00een fruntea clasamentului na\u021bional, ace\u0219tia fiind cei mai buni dintre cei buni.<\/p>\n<p style=\"text-align: justify;\"><strong>Ace\u0219ti copii merit\u0103 aprecierea giurgiuvenilor, a dasc\u0103lilor, a comunit\u0103\u021bii din care fac parte \u0219i pe care cu cinste o reprezint\u0103 la fiecare competi\u021bie.<\/strong><\/p>\n<p style=\"text-align: justify;\">Prin munc\u0103 \u0219i perseveren\u021b\u0103, orice copil ar putea fi \u00een locul lor.<\/p>\n","protected":false},"excerpt":{"rendered":"<p>U\u0219or, u\u0219or, tenisul de c\u00e2mp juvenil \u00ee\u0219i mut\u0103 centrul de greutate spre<\/p>\n","protected":false},"author":1,"featured_media":0,"comment_status":"open","ping_status":"open","sticky":false,"template":"","format":"standard","meta":{"footnotes":""},"categories":[6],"tags":[],"class_list":["post-94963","post","type-post","status-publish","format-standard","hentry","category-breaking-news"],"_links":{"self":[{"href":"https:\/\/www.giurgiuveanul.ro\/stiri\/wp-json\/wp\/v2\/posts\/94963","targetHints":{"allow":["GET"]}}],"collection":[{"href":"https:\/\/www.giurgiuveanul.ro\/stiri\/wp-json\/wp\/v2\/posts"}],"about":[{"href":"https:\/\/www.giurgiuveanul.ro\/stiri\/wp-json\/wp\/v2\/types\/post"}],"author":[{"embeddable":true,"href":"https:\/\/www.giurgiuveanul.ro\/stiri\/wp-json\/wp\/v2\/users\/1"}],"replies":[{"embeddable":true,"href":"https:\/\/www.giurgiuveanul.ro\/stiri\/wp-json\/wp\/v2\/comments?post=94963"}],"version-history":[{"count":0,"href":"https:\/\/www.giurgiuveanul.ro\/stiri\/wp-json\/wp\/v2\/posts\/94963\/revisions"}],"wp:attachment":[{"href":"https:\/\/www.giurgiuveanul.ro\/stiri\/wp-json\/wp\/v2\/media?parent=94963"}],"wp:term":[{"taxonomy":"category","embeddable":true,"href":"https:\/\/www.giurgiuveanul.ro\/stiri\/wp-json\/wp\/v2\/categories?post=94963"},{"taxonomy":"post_tag","embeddable":true,"href":"https:\/\/www.giurgiuveanul.ro\/stiri\/wp-json\/wp\/v2\/tags?post=94963"}],"curies":[{"name":"wp","href":"https:\/\/api.w.org\/{rel}","templated":true}]}}