{"id":94978,"date":"2023-01-17T15:08:44","date_gmt":"2023-01-17T13:08:44","guid":{"rendered":"https:\/\/www.giurgiuveanul.ro\/stiri\/?p=94978"},"modified":"2023-01-17T15:10:46","modified_gmt":"2023-01-17T13:10:46","slug":"cucu-un-cunoscut-om-al-strazii-din-giurgiu-a-fost-gasit-mort","status":"publish","type":"post","link":"https:\/\/www.giurgiuveanul.ro\/stiri\/cucu-un-cunoscut-om-al-strazii-din-giurgiu-a-fost-gasit-mort\/","title":{"rendered":"Cucu, un cunoscut om al str\u0103zii din Giurgiu, a fost g\u0103sit mort&#8230;"},"content":{"rendered":"<p style=\"text-align: justify;\"><strong><a href=\"https:\/\/www.giurgiuveanul.ro\/stiri\/wp-content\/uploads\/2023\/01\/IMG_5876.jpg\"><img loading=\"lazy\" decoding=\"async\" class=\"aligncenter wp-image-94979\" src=\"https:\/\/www.giurgiuveanul.ro\/stiri\/wp-content\/uploads\/2023\/01\/IMG_5876-560x313.jpg\" alt=\"\" width=\"578\" height=\"323\" srcset=\"https:\/\/www.giurgiuveanul.ro\/stiri\/wp-content\/uploads\/2023\/01\/IMG_5876-560x313.jpg 560w, https:\/\/www.giurgiuveanul.ro\/stiri\/wp-content\/uploads\/2023\/01\/IMG_5876-250x140.jpg 250w, https:\/\/www.giurgiuveanul.ro\/stiri\/wp-content\/uploads\/2023\/01\/IMG_5876-768x429.jpg 768w, https:\/\/www.giurgiuveanul.ro\/stiri\/wp-content\/uploads\/2023\/01\/IMG_5876-1536x858.jpg 1536w, https:\/\/www.giurgiuveanul.ro\/stiri\/wp-content\/uploads\/2023\/01\/IMG_5876-400x223.jpg 400w, https:\/\/www.giurgiuveanul.ro\/stiri\/wp-content\/uploads\/2023\/01\/IMG_5876.jpg 2000w\" sizes=\"auto, (max-width: 578px) 100vw, 578px\" \/><\/a>Poli\u0163i\u015ftii, \u00eempreun\u0103 cu un echipaj medical de la SAJ Giurgiu,<!--more--> s-au deplasat ast\u0103zi, \u00een urma unui apel telefonic, la fostul Institut de Proiect\u0103ri \u015fi au constatat decesul unui b\u0103rbat, cunoscut om al str\u0103zii din municipiul Giurgiu.<\/strong><\/p>\n<p style=\"text-align: justify;\"><strong>Costel Dumitru,<\/strong> <em><strong>Cucu, cum era arhicunoscut de giurgiuveni,<\/strong> <\/em>cer\u015fea de zeci de ani \u015fi avea viciul alcoolului. El avea <em>66 de ani<\/em>.<\/p>\n<p style=\"text-align: justify;\">Cucu obi\u0219nuia s\u0103 doarm\u0103 \u00eentr-o cl\u0103dire abandonat\u0103, fostul Institut de Proiect\u0103ri, de l\u00e2ng\u0103 sediul PSD, loc \u00een care a fost g\u0103sit decedat ast\u0103zi, la orele pr\u00e2nzului.<\/p>\n<p style=\"text-align: justify;\">Cadavrul acestuia a fost transportat la Serviciul de Medicin\u0103 Legal\u0103 \u00een vederea efectu\u0103rii necropsiei pentru stabilirea cu exactitate a cauzelor decesului.<\/p>\n<p style=\"text-align: justify;\">Potrivit procedurii, poli\u0163i\u015ftii, sub \u00eendrumarea procurorului criminalist, au \u00eentocmit un dosar penal \u00een care se fac cercet\u0103ri pentru moarte suspect\u0103.<\/p>\n","protected":false},"excerpt":{"rendered":"<p>Poli\u0163i\u015ftii, \u00eempreun\u0103 cu un echipaj medical de la SAJ Giurgiu,<\/p>\n","protected":false},"author":1,"featured_media":0,"comment_status":"open","ping_status":"open","sticky":false,"template":"","format":"standard","meta":{"footnotes":""},"categories":[6],"tags":[],"class_list":["post-94978","post","type-post","status-publish","format-standard","hentry","category-breaking-news"],"_links":{"self":[{"href":"https:\/\/www.giurgiuveanul.ro\/stiri\/wp-json\/wp\/v2\/posts\/94978","targetHints":{"allow":["GET"]}}],"collection":[{"href":"https:\/\/www.giurgiuveanul.ro\/stiri\/wp-json\/wp\/v2\/posts"}],"about":[{"href":"https:\/\/www.giurgiuveanul.ro\/stiri\/wp-json\/wp\/v2\/types\/post"}],"author":[{"embeddable":true,"href":"https:\/\/www.giurgiuveanul.ro\/stiri\/wp-json\/wp\/v2\/users\/1"}],"replies":[{"embeddable":true,"href":"https:\/\/www.giurgiuveanul.ro\/stiri\/wp-json\/wp\/v2\/comments?post=94978"}],"version-history":[{"count":0,"href":"https:\/\/www.giurgiuveanul.ro\/stiri\/wp-json\/wp\/v2\/posts\/94978\/revisions"}],"wp:attachment":[{"href":"https:\/\/www.giurgiuveanul.ro\/stiri\/wp-json\/wp\/v2\/media?parent=94978"}],"wp:term":[{"taxonomy":"category","embeddable":true,"href":"https:\/\/www.giurgiuveanul.ro\/stiri\/wp-json\/wp\/v2\/categories?post=94978"},{"taxonomy":"post_tag","embeddable":true,"href":"https:\/\/www.giurgiuveanul.ro\/stiri\/wp-json\/wp\/v2\/tags?post=94978"}],"curies":[{"name":"wp","href":"https:\/\/api.w.org\/{rel}","templated":true}]}}