{"id":95027,"date":"2023-01-19T15:08:20","date_gmt":"2023-01-19T13:08:20","guid":{"rendered":"https:\/\/www.giurgiuveanul.ro\/stiri\/?p=95027"},"modified":"2023-01-19T15:08:20","modified_gmt":"2023-01-19T13:08:20","slug":"inspectoratul-de-politie-judetean-giurgiu-arestat-preventiv-pentru-conducere-fara-drept","status":"publish","type":"post","link":"https:\/\/www.giurgiuveanul.ro\/stiri\/inspectoratul-de-politie-judetean-giurgiu-arestat-preventiv-pentru-conducere-fara-drept\/","title":{"rendered":"Inspectoratul de Poli\u021bie Jude\u021bean Giurgiu. Arestat preventiv pentru conducere f\u0103r\u0103 drept"},"content":{"rendered":"<p style=\"text-align: justify;\"><strong><a href=\"https:\/\/www.giurgiuveanul.ro\/stiri\/wp-content\/uploads\/2023\/01\/000-catuse_ciocan.jpg\"><img loading=\"lazy\" decoding=\"async\" class=\"aligncenter  wp-image-95028\" src=\"https:\/\/www.giurgiuveanul.ro\/stiri\/wp-content\/uploads\/2023\/01\/000-catuse_ciocan-560x391.jpg\" alt=\"\" width=\"574\" height=\"401\" srcset=\"https:\/\/www.giurgiuveanul.ro\/stiri\/wp-content\/uploads\/2023\/01\/000-catuse_ciocan-560x391.jpg 560w, https:\/\/www.giurgiuveanul.ro\/stiri\/wp-content\/uploads\/2023\/01\/000-catuse_ciocan-250x175.jpg 250w, https:\/\/www.giurgiuveanul.ro\/stiri\/wp-content\/uploads\/2023\/01\/000-catuse_ciocan-400x279.jpg 400w, https:\/\/www.giurgiuveanul.ro\/stiri\/wp-content\/uploads\/2023\/01\/000-catuse_ciocan.jpg 700w\" sizes=\"auto, (max-width: 574px) 100vw, 574px\" \/><\/a>Un b\u0103rbat, din municipiul Giurgiu, a fost arestat preventiv,<!--more--> fiind b\u0103nuit de s\u0103v\u00e2r\u0219irea unei infrac\u021biuni la regimul rutier.<\/strong><\/p>\n<p style=\"text-align: justify;\">La data de 17 ianuarie a.c., ora 11.45, poli\u021bi\u0219tii Sec\u021biei nr.4 de Poli\u021bie Rural\u0103 Ghimpa\u021bi, \u00een timp ce se aflau \u00een exercitarea atribu\u021biilor de serviciu, pe D.J.505, \u00een afara localit\u0103\u021bii Chiriacu, jude\u021bul Giurgiu, au depistat un b\u0103rbat, de 31 de ani, din municipiul Giurgiu, \u00een timp ce conducea un autoturism, av\u00e2nd dreptul de a conduce anulat.<\/p>\n<p style=\"text-align: justify;\">\u00cen urma cercet\u0103rilor efectuate, poli\u021bi\u0219tii au constatat faptul c\u0103 b\u0103rbatul \u00een cauz\u0103 a fost condamnat anterior pentru infrac\u021biuni similare la regimul rutier, s\u0103v\u00e2r\u0219ite \u00een perioada 2017-2022, acesta execut\u00e2nd o pedeaps\u0103 de \u015fase ani \u0219i nou\u0103 luni \u00eenchisoare.<\/p>\n<p style=\"text-align: justify;\">La data de 17 ianuarie a c., pe baza probatoriului administrat, sub coordonarea procurorului din cadrul Parchetului de pe l\u00e2ng\u0103 Judec\u0103toria Giurgiu, b\u0103rbatul a fost re\u021binut, pentru 24 de ore, iar la data de 18 ianuarie a.c., instan\u021ba de judecat\u0103 a dispus, fa\u021b\u0103 de acesta, m\u0103sura arest\u0103rii preventive, pentru 30 de zile.<\/p>\n","protected":false},"excerpt":{"rendered":"<p>Un b\u0103rbat, din municipiul Giurgiu, a fost arestat preventiv,<\/p>\n","protected":false},"author":1,"featured_media":0,"comment_status":"open","ping_status":"open","sticky":false,"template":"","format":"standard","meta":{"footnotes":""},"categories":[6],"tags":[],"class_list":["post-95027","post","type-post","status-publish","format-standard","hentry","category-breaking-news"],"_links":{"self":[{"href":"https:\/\/www.giurgiuveanul.ro\/stiri\/wp-json\/wp\/v2\/posts\/95027","targetHints":{"allow":["GET"]}}],"collection":[{"href":"https:\/\/www.giurgiuveanul.ro\/stiri\/wp-json\/wp\/v2\/posts"}],"about":[{"href":"https:\/\/www.giurgiuveanul.ro\/stiri\/wp-json\/wp\/v2\/types\/post"}],"author":[{"embeddable":true,"href":"https:\/\/www.giurgiuveanul.ro\/stiri\/wp-json\/wp\/v2\/users\/1"}],"replies":[{"embeddable":true,"href":"https:\/\/www.giurgiuveanul.ro\/stiri\/wp-json\/wp\/v2\/comments?post=95027"}],"version-history":[{"count":0,"href":"https:\/\/www.giurgiuveanul.ro\/stiri\/wp-json\/wp\/v2\/posts\/95027\/revisions"}],"wp:attachment":[{"href":"https:\/\/www.giurgiuveanul.ro\/stiri\/wp-json\/wp\/v2\/media?parent=95027"}],"wp:term":[{"taxonomy":"category","embeddable":true,"href":"https:\/\/www.giurgiuveanul.ro\/stiri\/wp-json\/wp\/v2\/categories?post=95027"},{"taxonomy":"post_tag","embeddable":true,"href":"https:\/\/www.giurgiuveanul.ro\/stiri\/wp-json\/wp\/v2\/tags?post=95027"}],"curies":[{"name":"wp","href":"https:\/\/api.w.org\/{rel}","templated":true}]}}