{"id":95030,"date":"2023-01-19T16:19:43","date_gmt":"2023-01-19T14:19:43","guid":{"rendered":"https:\/\/www.giurgiuveanul.ro\/stiri\/?p=95030"},"modified":"2023-01-19T17:15:40","modified_gmt":"2023-01-19T15:15:40","slug":"acum-incendiu-in-blocul-240-garsoniere-intervin-pompierii-foto","status":"publish","type":"post","link":"https:\/\/www.giurgiuveanul.ro\/stiri\/acum-incendiu-in-blocul-240-garsoniere-intervin-pompierii-foto\/","title":{"rendered":"ACUM. Incendiu \u00een Blocul B 33, scara B. Intervin pompierii (FOTO)"},"content":{"rendered":"<p style=\"text-align: justify;\"><a href=\"https:\/\/www.giurgiuveanul.ro\/stiri\/wp-content\/uploads\/2023\/01\/326470287_526951992750199_3420110723409611839_n.jpg\"><img loading=\"lazy\" decoding=\"async\" class=\"aligncenter wp-image-95031\" src=\"https:\/\/www.giurgiuveanul.ro\/stiri\/wp-content\/uploads\/2023\/01\/326470287_526951992750199_3420110723409611839_n-338x450.jpg\" alt=\"\" width=\"562\" height=\"749\" srcset=\"https:\/\/www.giurgiuveanul.ro\/stiri\/wp-content\/uploads\/2023\/01\/326470287_526951992750199_3420110723409611839_n-338x450.jpg 338w, https:\/\/www.giurgiuveanul.ro\/stiri\/wp-content\/uploads\/2023\/01\/326470287_526951992750199_3420110723409611839_n-225x300.jpg 225w, https:\/\/www.giurgiuveanul.ro\/stiri\/wp-content\/uploads\/2023\/01\/326470287_526951992750199_3420110723409611839_n-768x1024.jpg 768w, https:\/\/www.giurgiuveanul.ro\/stiri\/wp-content\/uploads\/2023\/01\/326470287_526951992750199_3420110723409611839_n-1152x1536.jpg 1152w, https:\/\/www.giurgiuveanul.ro\/stiri\/wp-content\/uploads\/2023\/01\/326470287_526951992750199_3420110723409611839_n-400x533.jpg 400w, https:\/\/www.giurgiuveanul.ro\/stiri\/wp-content\/uploads\/2023\/01\/326470287_526951992750199_3420110723409611839_n.jpg 1536w\" sizes=\"auto, (max-width: 562px) 100vw, 562px\" \/><\/a>\u00cen urm\u0103 cu pu\u0163in timp<!--more--> a izbucnit un incendiu \u00een blocul B 33, scara B. Intervin pompierii giurgiuveni.<\/p>\n<p style=\"text-align: justify;\">Vom reveni cu am\u0103nunte.<\/p>\n<p>UPDATE<\/p>\n<p>La fa\u021ba locului s-au deplasat pompierii din cadrul Deta\u0219amentului Giurgiu cu autospeciala pentru interven\u021bie \u0219i salvare de la \u00een\u0103l\u021bime, o descarcerare, dou\u0103 autospeciale de stingere cu ap\u0103 \u0219i spum\u0103, un echipaj CBRN \u0219i trei ambulan\u021be SAJ.<\/p>\n<p>Aproximativ 10 persoane s-au autoevacuat, informeaz\u0103 ISU Giurgiu.<\/p>\n","protected":false},"excerpt":{"rendered":"<p>\u00cen urm\u0103 cu pu\u0163in timp<\/p>\n","protected":false},"author":1,"featured_media":0,"comment_status":"open","ping_status":"open","sticky":false,"template":"","format":"standard","meta":{"footnotes":""},"categories":[6],"tags":[],"class_list":["post-95030","post","type-post","status-publish","format-standard","hentry","category-breaking-news"],"_links":{"self":[{"href":"https:\/\/www.giurgiuveanul.ro\/stiri\/wp-json\/wp\/v2\/posts\/95030","targetHints":{"allow":["GET"]}}],"collection":[{"href":"https:\/\/www.giurgiuveanul.ro\/stiri\/wp-json\/wp\/v2\/posts"}],"about":[{"href":"https:\/\/www.giurgiuveanul.ro\/stiri\/wp-json\/wp\/v2\/types\/post"}],"author":[{"embeddable":true,"href":"https:\/\/www.giurgiuveanul.ro\/stiri\/wp-json\/wp\/v2\/users\/1"}],"replies":[{"embeddable":true,"href":"https:\/\/www.giurgiuveanul.ro\/stiri\/wp-json\/wp\/v2\/comments?post=95030"}],"version-history":[{"count":0,"href":"https:\/\/www.giurgiuveanul.ro\/stiri\/wp-json\/wp\/v2\/posts\/95030\/revisions"}],"wp:attachment":[{"href":"https:\/\/www.giurgiuveanul.ro\/stiri\/wp-json\/wp\/v2\/media?parent=95030"}],"wp:term":[{"taxonomy":"category","embeddable":true,"href":"https:\/\/www.giurgiuveanul.ro\/stiri\/wp-json\/wp\/v2\/categories?post=95030"},{"taxonomy":"post_tag","embeddable":true,"href":"https:\/\/www.giurgiuveanul.ro\/stiri\/wp-json\/wp\/v2\/tags?post=95030"}],"curies":[{"name":"wp","href":"https:\/\/api.w.org\/{rel}","templated":true}]}}