{"id":95039,"date":"2023-01-19T17:32:00","date_gmt":"2023-01-19T15:32:00","guid":{"rendered":"https:\/\/www.giurgiuveanul.ro\/stiri\/?p=95039"},"modified":"2023-01-19T19:00:15","modified_gmt":"2023-01-19T17:00:15","slug":"isu-giurgiu-pompierii-au-stins-incendiul-de-la-apartamentul-de-pe-negru-voda-si-au-salvat-si-o-pisica","status":"publish","type":"post","link":"https:\/\/www.giurgiuveanul.ro\/stiri\/isu-giurgiu-pompierii-au-stins-incendiul-de-la-apartamentul-de-pe-negru-voda-si-au-salvat-si-o-pisica\/","title":{"rendered":"ISU Giurgiu. Pompierii au stins incendiul de la apartamentul de pe Negru Vod\u0103 \u015fi au salvat \u015fi o pisic\u0103! (FOTO)"},"content":{"rendered":"<p style=\"text-align: justify;\"><strong><a href=\"https:\/\/www.giurgiuveanul.ro\/stiri\/wp-content\/uploads\/2023\/01\/325852817_736039717854068_608681574671932370_n.jpg\"><img loading=\"lazy\" decoding=\"async\" class=\"aligncenter wp-image-95041\" src=\"https:\/\/www.giurgiuveanul.ro\/stiri\/wp-content\/uploads\/2023\/01\/325852817_736039717854068_608681574671932370_n-338x450.jpg\" alt=\"\" width=\"581\" height=\"774\" srcset=\"https:\/\/www.giurgiuveanul.ro\/stiri\/wp-content\/uploads\/2023\/01\/325852817_736039717854068_608681574671932370_n-338x450.jpg 338w, https:\/\/www.giurgiuveanul.ro\/stiri\/wp-content\/uploads\/2023\/01\/325852817_736039717854068_608681574671932370_n-225x300.jpg 225w, https:\/\/www.giurgiuveanul.ro\/stiri\/wp-content\/uploads\/2023\/01\/325852817_736039717854068_608681574671932370_n-768x1024.jpg 768w, https:\/\/www.giurgiuveanul.ro\/stiri\/wp-content\/uploads\/2023\/01\/325852817_736039717854068_608681574671932370_n-1152x1536.jpg 1152w, https:\/\/www.giurgiuveanul.ro\/stiri\/wp-content\/uploads\/2023\/01\/325852817_736039717854068_608681574671932370_n-400x533.jpg 400w, https:\/\/www.giurgiuveanul.ro\/stiri\/wp-content\/uploads\/2023\/01\/325852817_736039717854068_608681574671932370_n.jpg 1536w\" sizes=\"auto, (max-width: 581px) 100vw, 581px\" \/><\/a>La fa\u021ba locului s-au deplasat pompierii din cadrul Deta\u0219amentului Giurgiu cu<!--more--> autospeciala pentru interven\u021bie \u0219i salvare de la \u00een\u0103l\u021bime, o descarcerare, dou\u0103 autospeciale de stingere cu ap\u0103 \u0219i spum\u0103, un echipaj CBRN \u0219i trei ambulan\u021be SAJ, potrivit ISU.<\/strong><\/p>\n<p style=\"text-align: justify;\">Aproximativ zece persoane s-au autoevacuat.<\/p>\n<p style=\"text-align: justify;\">\u00cen momentul \u00een care au ajuns echipajele, incendiul se manifesta violent, at\u00e2t \u00een balconul apartamentului, c\u00e2t \u0219i \u00een interior, precizeaz\u0103 ISU Giurgiu.<\/p>\n<p style=\"text-align: justify;\">C\u00e2nd s-a produs evenimentul, proprietarii nu se aflau la domiciliu.<\/p>\n<p><a href=\"https:\/\/www.giurgiuveanul.ro\/stiri\/wp-content\/uploads\/2023\/01\/WhatsApp-Image-2023-01-19-at-17.24.19.jpeg\"><img loading=\"lazy\" decoding=\"async\" class=\"aligncenter wp-image-95040\" src=\"https:\/\/www.giurgiuveanul.ro\/stiri\/wp-content\/uploads\/2023\/01\/WhatsApp-Image-2023-01-19-at-17.24.19-338x450.jpeg\" alt=\"\" width=\"578\" height=\"770\" srcset=\"https:\/\/www.giurgiuveanul.ro\/stiri\/wp-content\/uploads\/2023\/01\/WhatsApp-Image-2023-01-19-at-17.24.19-338x450.jpeg 338w, https:\/\/www.giurgiuveanul.ro\/stiri\/wp-content\/uploads\/2023\/01\/WhatsApp-Image-2023-01-19-at-17.24.19-225x300.jpeg 225w, https:\/\/www.giurgiuveanul.ro\/stiri\/wp-content\/uploads\/2023\/01\/WhatsApp-Image-2023-01-19-at-17.24.19-768x1024.jpeg 768w, https:\/\/www.giurgiuveanul.ro\/stiri\/wp-content\/uploads\/2023\/01\/WhatsApp-Image-2023-01-19-at-17.24.19-1152x1536.jpeg 1152w, https:\/\/www.giurgiuveanul.ro\/stiri\/wp-content\/uploads\/2023\/01\/WhatsApp-Image-2023-01-19-at-17.24.19-400x533.jpeg 400w, https:\/\/www.giurgiuveanul.ro\/stiri\/wp-content\/uploads\/2023\/01\/WhatsApp-Image-2023-01-19-at-17.24.19.jpeg 1500w\" sizes=\"auto, (max-width: 578px) 100vw, 578px\" \/><\/a><\/p>\n<p style=\"text-align: justify;\">Pompierii au salvat pisica acestora, pe care au g\u0103sit-o \u00eentr-una din camere.<\/p>\n<p style=\"text-align: justify;\">Dou\u0103 femei, cu v\u00e2rste aproximative de 41 \u0219i 84 de ani, care s-au speriat c\u00e2nd au v\u0103zut incendiul, au fost monitorizate de echipajele SAJ, la locul evenimentului.<\/p>\n<p style=\"text-align: justify;\">Din p\u0103cate, \u00een apartamentul \u00een care a izbucnit incendiul pagubele au fost \u00eensemnate. Au ars, printre altele, centrala termic\u0103, mobilierul din sufragerie \u0219i buc\u0103t\u0103rie, aragazul, frigiderul \u0219i articole textile. S-au deteriorat tavanele, pere\u021bii imobilului \u0219i restul mobilierului din cas\u0103.<\/p>\n<p style=\"text-align: justify;\">\u00cen apartamentul unui vecin, la etajul III, s-au deteriorat pere\u021bii, toc\u0103ria din PVC de la balcon, co\u0219ul de la centrala termic\u0103, parchetul pe o suprafa\u021b\u0103 de aproximativ 45 mp \u0219i mobilier.<\/p>\n<p style=\"text-align: justify;\">Cauza probabil\u0103 de producere a incendiului a fost scurtcircuitul.<\/p>\n<p style=\"text-align: justify;\"><strong>Blocul 33 se afl\u0103 pe strada Negru Vod\u0103, \u00een municipiul Giurgiu.<\/strong><\/p>\n","protected":false},"excerpt":{"rendered":"<p>La fa\u021ba locului s-au deplasat pompierii din cadrul Deta\u0219amentului Giurgiu cu<\/p>\n","protected":false},"author":1,"featured_media":0,"comment_status":"open","ping_status":"open","sticky":false,"template":"","format":"standard","meta":{"footnotes":""},"categories":[6],"tags":[],"class_list":["post-95039","post","type-post","status-publish","format-standard","hentry","category-breaking-news"],"_links":{"self":[{"href":"https:\/\/www.giurgiuveanul.ro\/stiri\/wp-json\/wp\/v2\/posts\/95039","targetHints":{"allow":["GET"]}}],"collection":[{"href":"https:\/\/www.giurgiuveanul.ro\/stiri\/wp-json\/wp\/v2\/posts"}],"about":[{"href":"https:\/\/www.giurgiuveanul.ro\/stiri\/wp-json\/wp\/v2\/types\/post"}],"author":[{"embeddable":true,"href":"https:\/\/www.giurgiuveanul.ro\/stiri\/wp-json\/wp\/v2\/users\/1"}],"replies":[{"embeddable":true,"href":"https:\/\/www.giurgiuveanul.ro\/stiri\/wp-json\/wp\/v2\/comments?post=95039"}],"version-history":[{"count":0,"href":"https:\/\/www.giurgiuveanul.ro\/stiri\/wp-json\/wp\/v2\/posts\/95039\/revisions"}],"wp:attachment":[{"href":"https:\/\/www.giurgiuveanul.ro\/stiri\/wp-json\/wp\/v2\/media?parent=95039"}],"wp:term":[{"taxonomy":"category","embeddable":true,"href":"https:\/\/www.giurgiuveanul.ro\/stiri\/wp-json\/wp\/v2\/categories?post=95039"},{"taxonomy":"post_tag","embeddable":true,"href":"https:\/\/www.giurgiuveanul.ro\/stiri\/wp-json\/wp\/v2\/tags?post=95039"}],"curies":[{"name":"wp","href":"https:\/\/api.w.org\/{rel}","templated":true}]}}