{"id":95066,"date":"2023-01-20T09:39:37","date_gmt":"2023-01-20T07:39:37","guid":{"rendered":"https:\/\/www.giurgiuveanul.ro\/stiri\/?p=95066"},"modified":"2023-01-20T11:25:59","modified_gmt":"2023-01-20T09:25:59","slug":"in-urma-cu-putin-timp-accident-rutier-soldat-cu-doua-victime-foto","status":"publish","type":"post","link":"https:\/\/www.giurgiuveanul.ro\/stiri\/in-urma-cu-putin-timp-accident-rutier-soldat-cu-doua-victime-foto\/","title":{"rendered":"\u00cen urm\u0103 cu pu\u0163in timp, ACCIDENT RUTIER soldat cu dou\u0103 victime (FOTO)"},"content":{"rendered":"<p style=\"text-align: justify;\"><strong><a href=\"https:\/\/www.giurgiuveanul.ro\/stiri\/wp-content\/uploads\/2023\/01\/WhatsApp-Image-2023-01-20-at-09.36.59.jpeg\"><img loading=\"lazy\" decoding=\"async\" class=\"aligncenter wp-image-95067\" src=\"https:\/\/www.giurgiuveanul.ro\/stiri\/wp-content\/uploads\/2023\/01\/WhatsApp-Image-2023-01-20-at-09.36.59-560x386.jpeg\" alt=\"\" width=\"584\" height=\"402\" srcset=\"https:\/\/www.giurgiuveanul.ro\/stiri\/wp-content\/uploads\/2023\/01\/WhatsApp-Image-2023-01-20-at-09.36.59-560x386.jpeg 560w, https:\/\/www.giurgiuveanul.ro\/stiri\/wp-content\/uploads\/2023\/01\/WhatsApp-Image-2023-01-20-at-09.36.59-250x172.jpeg 250w, https:\/\/www.giurgiuveanul.ro\/stiri\/wp-content\/uploads\/2023\/01\/WhatsApp-Image-2023-01-20-at-09.36.59-768x530.jpeg 768w, https:\/\/www.giurgiuveanul.ro\/stiri\/wp-content\/uploads\/2023\/01\/WhatsApp-Image-2023-01-20-at-09.36.59-400x276.jpeg 400w, https:\/\/www.giurgiuveanul.ro\/stiri\/wp-content\/uploads\/2023\/01\/WhatsApp-Image-2023-01-20-at-09.36.59.jpeg 1302w\" sizes=\"auto, (max-width: 584px) 100vw, 584px\" \/><\/a>Dou\u0103 persoane au<!--more--> avut nevoie de \u00eengrijiri medicale \u00een urma unui accident rutier produs, \u00een aceast\u0103 diminea\u021b\u0103, pe DN41 \u00eentre localit\u0103\u021bile B\u0103neasa \u0219i Pietrele, informeaz\u0103 ISU Giurgiu.<\/strong><\/p>\n<p style=\"text-align: justify;\">\u00cen eveniment au fost implicate dou\u0103 autoturisme.<\/p>\n<p><a href=\"https:\/\/www.giurgiuveanul.ro\/stiri\/wp-content\/uploads\/2023\/01\/WhatsApp-Image-2023-01-20-at-09.37.08-1.jpeg\"><img loading=\"lazy\" decoding=\"async\" class=\"aligncenter  wp-image-95074\" src=\"https:\/\/www.giurgiuveanul.ro\/stiri\/wp-content\/uploads\/2023\/01\/WhatsApp-Image-2023-01-20-at-09.37.08-1-514x450.jpeg\" alt=\"\" width=\"572\" height=\"501\" srcset=\"https:\/\/www.giurgiuveanul.ro\/stiri\/wp-content\/uploads\/2023\/01\/WhatsApp-Image-2023-01-20-at-09.37.08-1-514x450.jpeg 514w, https:\/\/www.giurgiuveanul.ro\/stiri\/wp-content\/uploads\/2023\/01\/WhatsApp-Image-2023-01-20-at-09.37.08-1-250x219.jpeg 250w, https:\/\/www.giurgiuveanul.ro\/stiri\/wp-content\/uploads\/2023\/01\/WhatsApp-Image-2023-01-20-at-09.37.08-1-768x672.jpeg 768w, https:\/\/www.giurgiuveanul.ro\/stiri\/wp-content\/uploads\/2023\/01\/WhatsApp-Image-2023-01-20-at-09.37.08-1-400x350.jpeg 400w, https:\/\/www.giurgiuveanul.ro\/stiri\/wp-content\/uploads\/2023\/01\/WhatsApp-Image-2023-01-20-at-09.37.08-1.jpeg 1512w\" sizes=\"auto, (max-width: 572px) 100vw, 572px\" \/><\/a><\/p>\n<p style=\"text-align: justify;\">La fa\u021ba locului s-au deplasat pompierii din cadrul deta\u0219amentului Giurgiu cu o descarcerare, o autospecial\u0103 de stingere cu ap\u0103 \u0219i spum\u0103, un echipaj SMURD \u0219i o ambulan\u021b\u0103 SAJ.<\/p>\n<p><a href=\"https:\/\/www.giurgiuveanul.ro\/stiri\/wp-content\/uploads\/2023\/01\/WhatsApp-Image-2023-01-20-at-09.36.58.jpeg\"><img loading=\"lazy\" decoding=\"async\" class=\"aligncenter wp-image-95070\" src=\"https:\/\/www.giurgiuveanul.ro\/stiri\/wp-content\/uploads\/2023\/01\/WhatsApp-Image-2023-01-20-at-09.36.58-528x450.jpeg\" alt=\"\" width=\"587\" height=\"500\" srcset=\"https:\/\/www.giurgiuveanul.ro\/stiri\/wp-content\/uploads\/2023\/01\/WhatsApp-Image-2023-01-20-at-09.36.58-528x450.jpeg 528w, https:\/\/www.giurgiuveanul.ro\/stiri\/wp-content\/uploads\/2023\/01\/WhatsApp-Image-2023-01-20-at-09.36.58-250x213.jpeg 250w, https:\/\/www.giurgiuveanul.ro\/stiri\/wp-content\/uploads\/2023\/01\/WhatsApp-Image-2023-01-20-at-09.36.58-768x655.jpeg 768w, https:\/\/www.giurgiuveanul.ro\/stiri\/wp-content\/uploads\/2023\/01\/WhatsApp-Image-2023-01-20-at-09.36.58-400x341.jpeg 400w, https:\/\/www.giurgiuveanul.ro\/stiri\/wp-content\/uploads\/2023\/01\/WhatsApp-Image-2023-01-20-at-09.36.58.jpeg 900w\" sizes=\"auto, (max-width: 587px) 100vw, 587px\" \/><\/a><\/p>\n<p style=\"text-align: justify;\">Persoanele r\u0103nite, o femeie \u0219i un b\u0103rbat au fost preluate de echipajele medicale \u0219i transportate la UPU Giurgiu.<\/p>\n<p style=\"text-align: justify;\">Pompierii au asigurat m\u0103surile de prevenire a incendiilor prin deconectarea bornelor de la bateriile autoturismelor.<\/p>\n<p style=\"text-align: justify;\">Cazul a r\u0103mas \u00een aten\u021bia poli\u021biei pentru cercet\u0103ri.<\/p>\n<p>&nbsp;<\/p>\n","protected":false},"excerpt":{"rendered":"<p>Dou\u0103 persoane au<\/p>\n","protected":false},"author":1,"featured_media":0,"comment_status":"open","ping_status":"open","sticky":false,"template":"","format":"standard","meta":{"footnotes":""},"categories":[6],"tags":[],"class_list":["post-95066","post","type-post","status-publish","format-standard","hentry","category-breaking-news"],"_links":{"self":[{"href":"https:\/\/www.giurgiuveanul.ro\/stiri\/wp-json\/wp\/v2\/posts\/95066","targetHints":{"allow":["GET"]}}],"collection":[{"href":"https:\/\/www.giurgiuveanul.ro\/stiri\/wp-json\/wp\/v2\/posts"}],"about":[{"href":"https:\/\/www.giurgiuveanul.ro\/stiri\/wp-json\/wp\/v2\/types\/post"}],"author":[{"embeddable":true,"href":"https:\/\/www.giurgiuveanul.ro\/stiri\/wp-json\/wp\/v2\/users\/1"}],"replies":[{"embeddable":true,"href":"https:\/\/www.giurgiuveanul.ro\/stiri\/wp-json\/wp\/v2\/comments?post=95066"}],"version-history":[{"count":0,"href":"https:\/\/www.giurgiuveanul.ro\/stiri\/wp-json\/wp\/v2\/posts\/95066\/revisions"}],"wp:attachment":[{"href":"https:\/\/www.giurgiuveanul.ro\/stiri\/wp-json\/wp\/v2\/media?parent=95066"}],"wp:term":[{"taxonomy":"category","embeddable":true,"href":"https:\/\/www.giurgiuveanul.ro\/stiri\/wp-json\/wp\/v2\/categories?post=95066"},{"taxonomy":"post_tag","embeddable":true,"href":"https:\/\/www.giurgiuveanul.ro\/stiri\/wp-json\/wp\/v2\/tags?post=95066"}],"curies":[{"name":"wp","href":"https:\/\/api.w.org\/{rel}","templated":true}]}}