{"id":95084,"date":"2023-01-20T15:00:30","date_gmt":"2023-01-20T13:00:30","guid":{"rendered":"https:\/\/www.giurgiuveanul.ro\/stiri\/?p=95084"},"modified":"2023-01-20T15:00:30","modified_gmt":"2023-01-20T13:00:30","slug":"inspectoratul-de-politie-judetean-giurgiu-in-sprijinul-cetatenilor-in-minivacanta-prilejuita-de-ziua-unirii-principatelor-romane","status":"publish","type":"post","link":"https:\/\/www.giurgiuveanul.ro\/stiri\/inspectoratul-de-politie-judetean-giurgiu-in-sprijinul-cetatenilor-in-minivacanta-prilejuita-de-ziua-unirii-principatelor-romane\/","title":{"rendered":"INSPECTORATUL DE POLI\u021aIE JUDE\u021aEAN GIURGIU. \u00cen sprijinul cet\u0103\u0163enilor \u00een minivacan\u021ba prilejuit\u0103 de Ziua Unirii Principatelor Rom\u00e2ne"},"content":{"rendered":"<p><strong><a href=\"https:\/\/www.giurgiuveanul.ro\/stiri\/wp-content\/uploads\/2022\/07\/control-trafic-politie-2.jpg\"><img loading=\"lazy\" decoding=\"async\" class=\"aligncenter  wp-image-91341\" src=\"https:\/\/www.giurgiuveanul.ro\/stiri\/wp-content\/uploads\/2022\/07\/control-trafic-politie-2-560x380.jpg\" alt=\"\" width=\"572\" height=\"388\" srcset=\"https:\/\/www.giurgiuveanul.ro\/stiri\/wp-content\/uploads\/2022\/07\/control-trafic-politie-2-560x380.jpg 560w, https:\/\/www.giurgiuveanul.ro\/stiri\/wp-content\/uploads\/2022\/07\/control-trafic-politie-2-250x170.jpg 250w, https:\/\/www.giurgiuveanul.ro\/stiri\/wp-content\/uploads\/2022\/07\/control-trafic-politie-2-768x521.jpg 768w, https:\/\/www.giurgiuveanul.ro\/stiri\/wp-content\/uploads\/2022\/07\/control-trafic-politie-2-400x272.jpg 400w, https:\/\/www.giurgiuveanul.ro\/stiri\/wp-content\/uploads\/2022\/07\/control-trafic-politie-2.jpg 800w\" sizes=\"auto, (max-width: 572px) 100vw, 572px\" \/><\/a>\u00cen perioada 20-24 ianuarie a.c., poli\u021bi\u0219tii Inspectoratului de Poli\u021bie Jude\u021bean Giurgiu vor<!--more--> fi al\u0103turi de cet\u0103\u021beni pe toat\u0103 perioada minivacan\u021bei prilejuite de <em>Ziua Unirii Principatelor Rom\u00e2ne, <\/em>pentru men\u021binerea unui climat de ordine \u0219i siguran\u021b\u0103 public\u0103 optim \u0219i pentru a ne asigura c\u0103 m\u0103surile dispuse sunt respectate.<\/strong><\/p>\n<p><em>\u00a0<\/em><\/p>\n<p>Pentru a v\u0103 petrece timpul liber \u00een siguran\u021b\u0103, v\u0103 recomand\u0103m s\u0103 ave\u021bi grij\u0103 de bunurile personale, s\u0103 fi\u021bi pruden\u021bi \u00een rela\u021biile cu persoane cunoscute \u00eent\u00e2mpl\u0103tor \u0219i s\u0103 fi\u021bi aten\u021bi la copiii care v\u0103 \u00eenso\u021besc.<\/p>\n<p>&nbsp;<\/p>\n<p>Pentru reducerea riscului de victimizare din accidente de circula\u021bie, poli\u021bi\u0219tii recomand\u0103 conduc\u0103torilor de autovehicule s\u0103 conduc\u0103 prudent \u0219i cu vitez\u0103 care s\u0103 permit\u0103 oprirea \u00een siguran\u021b\u0103 a autovehiculului.<\/p>\n<p>&nbsp;<\/p>\n<p>Pietonilor le recomand\u0103m s\u0103-\u0219i sporeasc\u0103 aten\u021bia, s\u0103 evite folosirea p\u0103r\u021bii carosabile, s\u0103 traverseze strada doar prin locurile special amenajate \u0219i numai dup\u0103 ce sunt siguri c\u0103 inten\u021bia lor de a traversa a fost observat\u0103 de c\u0103tre conduc\u0103torii auto.<\/p>\n<p>&nbsp;<\/p>\n<p>Poli\u021bi\u0219tii rutieri vor fi prezen\u021bi, pe principalele artere, \u00een scopul reducerii riscului rutier, fiind folosit\u0103 la capacitate maxim\u0103 \u015fi cu eficien\u0163\u0103 sporit\u0103, aparatura de supraveghere a traficului \u015fi m\u0103surare a vitezei de deplasare a autovehiculelor.<\/p>\n<p>&nbsp;<\/p>\n<p>Atragem aten\u021bia asupra importan\u021bei respect\u0103rii regulilor de circula\u021bie \u0219i, \u00een special, a celor referitoare la conducerea sub influen\u021ba b\u0103uturilor alcoolice, consumul de alcool sc\u0103z\u00e2nd capacitatea de reac\u021bie \u0219i de manevrare a autovehiculului.<\/p>\n<p>&nbsp;<\/p>\n<p>O aten\u0163ie deosebit\u0103 va fi acordat\u0103 arterelor rutiere ce converg c\u0103tre municipiul Bucure\u015fti \u0219i Republica Bulgaria.<\/p>\n<p>&nbsp;<\/p>\n<p>Recomand\u0103m cet\u0103\u021benilor s\u0103 apeleze cu \u00eencredere la cel mai apropiat poli\u021bist ori s\u0103 sune la num\u0103rul unic de urgen\u021b\u0103 112 \u00een caz de nevoie sau dac\u0103 au cuno\u0219tin\u021b\u0103 despre s\u0103v\u00e2r\u0219irea vreunei fapte antisociale.<\/p>\n","protected":false},"excerpt":{"rendered":"<p>\u00cen perioada 20-24 ianuarie a.c., poli\u021bi\u0219tii Inspectoratului de Poli\u021bie Jude\u021bean Giurgiu vor<\/p>\n","protected":false},"author":1,"featured_media":0,"comment_status":"open","ping_status":"open","sticky":false,"template":"","format":"standard","meta":{"footnotes":""},"categories":[6],"tags":[],"class_list":["post-95084","post","type-post","status-publish","format-standard","hentry","category-breaking-news"],"_links":{"self":[{"href":"https:\/\/www.giurgiuveanul.ro\/stiri\/wp-json\/wp\/v2\/posts\/95084","targetHints":{"allow":["GET"]}}],"collection":[{"href":"https:\/\/www.giurgiuveanul.ro\/stiri\/wp-json\/wp\/v2\/posts"}],"about":[{"href":"https:\/\/www.giurgiuveanul.ro\/stiri\/wp-json\/wp\/v2\/types\/post"}],"author":[{"embeddable":true,"href":"https:\/\/www.giurgiuveanul.ro\/stiri\/wp-json\/wp\/v2\/users\/1"}],"replies":[{"embeddable":true,"href":"https:\/\/www.giurgiuveanul.ro\/stiri\/wp-json\/wp\/v2\/comments?post=95084"}],"version-history":[{"count":0,"href":"https:\/\/www.giurgiuveanul.ro\/stiri\/wp-json\/wp\/v2\/posts\/95084\/revisions"}],"wp:attachment":[{"href":"https:\/\/www.giurgiuveanul.ro\/stiri\/wp-json\/wp\/v2\/media?parent=95084"}],"wp:term":[{"taxonomy":"category","embeddable":true,"href":"https:\/\/www.giurgiuveanul.ro\/stiri\/wp-json\/wp\/v2\/categories?post=95084"},{"taxonomy":"post_tag","embeddable":true,"href":"https:\/\/www.giurgiuveanul.ro\/stiri\/wp-json\/wp\/v2\/tags?post=95084"}],"curies":[{"name":"wp","href":"https:\/\/api.w.org\/{rel}","templated":true}]}}