{"id":95098,"date":"2023-01-21T13:20:24","date_gmt":"2023-01-21T11:20:24","guid":{"rendered":"https:\/\/www.giurgiuveanul.ro\/stiri\/?p=95098"},"modified":"2023-01-21T13:23:54","modified_gmt":"2023-01-21T11:23:54","slug":"florentina-stanculescu-prefectul-de-giurgiu-precizari-privind-atacarea-in-instanta-a-bugetului-cj","status":"publish","type":"post","link":"https:\/\/www.giurgiuveanul.ro\/stiri\/florentina-stanculescu-prefectul-de-giurgiu-precizari-privind-atacarea-in-instanta-a-bugetului-cj\/","title":{"rendered":"Florentina St\u0103nculescu, prefectul de Giurgiu, preciz\u0103ri privind atacarea \u00een instan\u0163\u0103 a bugetului CJ"},"content":{"rendered":"<p style=\"text-align: justify;\"><strong><a href=\"https:\/\/www.giurgiuveanul.ro\/stiri\/wp-content\/uploads\/2023\/01\/IMG_9735-507x450-1.jpg\"><img loading=\"lazy\" decoding=\"async\" class=\"aligncenter wp-image-95099\" src=\"https:\/\/www.giurgiuveanul.ro\/stiri\/wp-content\/uploads\/2023\/01\/IMG_9735-507x450-1.jpg\" alt=\"\" width=\"576\" height=\"511\" srcset=\"https:\/\/www.giurgiuveanul.ro\/stiri\/wp-content\/uploads\/2023\/01\/IMG_9735-507x450-1.jpg 507w, https:\/\/www.giurgiuveanul.ro\/stiri\/wp-content\/uploads\/2023\/01\/IMG_9735-507x450-1-250x222.jpg 250w, https:\/\/www.giurgiuveanul.ro\/stiri\/wp-content\/uploads\/2023\/01\/IMG_9735-507x450-1-400x355.jpg 400w\" sizes=\"auto, (max-width: 576px) 100vw, 576px\" \/><\/a>Ca urmare a reac\u0163iei pre\u015fedintelui Consiliului Jude\u0163ean Giurgiu, Dumitru Beianu, privind atacarea \u00een instan\u0163\u0103 de c\u0103tre Institu\u0163ia Prefectului &#8211; jude\u0163ul Giurgiu<!--more--> a hot\u0103r\u00e2rii Consiliului Jude\u0163ean Giurgiu referitoare la repartizarea sumelor alocate la finalul anul 2022 din bugetul de stat pentru unit\u0103\u0163i administrativ-teritoriale, \u015fi anume cota de 6% din impozitul pe venit, prefectul jude\u0163ului Giurgiu transmite urm\u0103toarele preciz\u0103ri:<\/strong><\/p>\n<p style=\"text-align: justify;\">Potrivit Legii bugetului de stat pentru anul 2023, aceste sume sunt repartizate la solicit\u0103rile justificate ale uat-urilor, conform unor criterii clare, care s\u0103 confere certitudinea c\u0103 ace\u015fti bani vor fi folosi\u0163i \u00een scopuri precise. Din actele care au stat la baza adoptarii hot\u0103r\u00e2rii \u00een cauz\u0103, a\u015fa cum au fost transmise \u015fi c\u0103tre Institu\u0163ia Prefectului &#8211; jude\u0163ul Giurgiu \u015fi postate pe site-ul Consiliului Jude\u0163ean Giurgiu, reiese faptul c\u0103 dintre cele 54 de uat-uri, doar 21 au transmis solicit\u0103ri pentru alocarea sumelor respective. \u00cen aceste condi\u0163ii, cum poate fi legal\u0103 o hot\u0103r\u00e2re a Consiliului Jude\u0163ean Giurgiu prin care se aloc\u0103 sume tuturor celor 54 de uat-uri, dac\u0103 doar 21 au transmis solicit\u0103ri pentru a le primi?! Despre justific\u0103ri aproape c\u0103 nici nu poate fi vorba&#8230; De asemenea, cum poate fi legal\u0103 o hot\u0103r\u00e2re a Consiliului Jude\u0163ean Giurgiu prin care se aloc\u0103 sume mai mari pentru anumite uat-uri \u015fi mai mici pentru altele, \u00een absen\u0163a oric\u0103rui criteriu?! Care sunt criteriile pe baza c\u0103rora pre\u015fedintele Beianu a repartizat ace\u015fti bani sau, mai degrab\u0103, pe care i-a &#8222;\u00eempr\u0103\u015ftiat&#8221; dup\u0103 bunul plac?! Sunt \u00eentreb\u0103ri de bun-sim\u0163, pentru care cet\u0103\u0163enii \u00eentregului jude\u0163 Giurgiu merit\u0103 un r\u0103spuns clar \u015fi corect.<\/p>\n<p style=\"text-align: justify;\">Sunt ferm convins\u0103 c\u0103 aceast\u0103 hot\u0103r\u00e2re a Consiliului Jude\u0163ean Giurgiu va avea aceea\u015fi rezolvare ca hot\u0103r\u00e2rea privind \u00eenfii\u0163area unui Parc fotovoltaic, nu \u00eenainte \u00eens\u0103 de a trece prin acela\u015fi &#8222;filtru&#8221; al manipul\u0103rii \u015fi al r\u0103ut\u0103\u0163ii din partea pre\u015fedintului Consiliului Jude\u0163ean Giurgiu. Denigr\u00e2nd prefectul \u015fi Institu\u0163ia Prefectului, care \u00eentotdeauna \u015fi f\u0103r\u0103 excep\u0163ie \u00ee\u015fi face datoria \u015fi asigur\u0103 respectarea legii \u00een teritoriu, pre\u015fedintele Consiliului Jude\u0163ean Giurgiu demonstreaz\u0103, din p\u0103cate, un comportament care cel pu\u0163in las\u0103 de dorit&#8230;<\/p>\n<p style=\"text-align: justify;\">\u015ei pentru c\u0103 ceea ce a fost scris \u015fi f\u0103cut public r\u0103m\u00e2ne argumentul incontestabil \u00een orice polemic\u0103, ata\u015fat ave\u0163i un print screen din cadrul materialelor consemnate \u00een urma \u015fedin\u0163ei din data de 29 decembrie 2022.<\/p>\n<p style=\"text-align: center;\"><strong>Florentina St\u0103nculescu,<\/strong><\/p>\n<p style=\"text-align: center;\">Prefectul jude\u0163ului Giurgiu<\/p>\n","protected":false},"excerpt":{"rendered":"<p>Ca urmare a reac\u0163iei pre\u015fedintelui Consiliului Jude\u0163ean Giurgiu, Dumitru Beianu, privind atacarea \u00een instan\u0163\u0103 de c\u0103tre Institu\u0163ia Prefectului &#8211; jude\u0163ul Giurgiu<\/p>\n","protected":false},"author":1,"featured_media":0,"comment_status":"open","ping_status":"open","sticky":false,"template":"","format":"standard","meta":{"footnotes":""},"categories":[6],"tags":[],"class_list":["post-95098","post","type-post","status-publish","format-standard","hentry","category-breaking-news"],"_links":{"self":[{"href":"https:\/\/www.giurgiuveanul.ro\/stiri\/wp-json\/wp\/v2\/posts\/95098","targetHints":{"allow":["GET"]}}],"collection":[{"href":"https:\/\/www.giurgiuveanul.ro\/stiri\/wp-json\/wp\/v2\/posts"}],"about":[{"href":"https:\/\/www.giurgiuveanul.ro\/stiri\/wp-json\/wp\/v2\/types\/post"}],"author":[{"embeddable":true,"href":"https:\/\/www.giurgiuveanul.ro\/stiri\/wp-json\/wp\/v2\/users\/1"}],"replies":[{"embeddable":true,"href":"https:\/\/www.giurgiuveanul.ro\/stiri\/wp-json\/wp\/v2\/comments?post=95098"}],"version-history":[{"count":0,"href":"https:\/\/www.giurgiuveanul.ro\/stiri\/wp-json\/wp\/v2\/posts\/95098\/revisions"}],"wp:attachment":[{"href":"https:\/\/www.giurgiuveanul.ro\/stiri\/wp-json\/wp\/v2\/media?parent=95098"}],"wp:term":[{"taxonomy":"category","embeddable":true,"href":"https:\/\/www.giurgiuveanul.ro\/stiri\/wp-json\/wp\/v2\/categories?post=95098"},{"taxonomy":"post_tag","embeddable":true,"href":"https:\/\/www.giurgiuveanul.ro\/stiri\/wp-json\/wp\/v2\/tags?post=95098"}],"curies":[{"name":"wp","href":"https:\/\/api.w.org\/{rel}","templated":true}]}}