{"id":95180,"date":"2023-01-26T15:49:49","date_gmt":"2023-01-26T13:49:49","guid":{"rendered":"https:\/\/www.giurgiuveanul.ro\/stiri\/?p=95180"},"modified":"2023-01-26T15:50:31","modified_gmt":"2023-01-26T13:50:31","slug":"doua-atentionari-tip-cod-galben-pentru-judetul-giurgiu","status":"publish","type":"post","link":"https:\/\/www.giurgiuveanul.ro\/stiri\/doua-atentionari-tip-cod-galben-pentru-judetul-giurgiu\/","title":{"rendered":"Dou\u0103 aten\u021bion\u0103ri tip COD GALBEN pentru jude\u0163ul Giurgiu!"},"content":{"rendered":"<p style=\"text-align: justify;\"><strong><a href=\"https:\/\/www.giurgiuveanul.ro\/stiri\/wp-content\/uploads\/2023\/01\/WhatsApp-Image-2023-01-26-at-13.23.56.jpeg\"><img loading=\"lazy\" decoding=\"async\" class=\"aligncenter wp-image-95181\" src=\"https:\/\/www.giurgiuveanul.ro\/stiri\/wp-content\/uploads\/2023\/01\/WhatsApp-Image-2023-01-26-at-13.23.56.jpeg\" alt=\"\" width=\"586\" height=\"492\" srcset=\"https:\/\/www.giurgiuveanul.ro\/stiri\/wp-content\/uploads\/2023\/01\/WhatsApp-Image-2023-01-26-at-13.23.56.jpeg 940w, https:\/\/www.giurgiuveanul.ro\/stiri\/wp-content\/uploads\/2023\/01\/WhatsApp-Image-2023-01-26-at-13.23.56-250x210.jpeg 250w, https:\/\/www.giurgiuveanul.ro\/stiri\/wp-content\/uploads\/2023\/01\/WhatsApp-Image-2023-01-26-at-13.23.56-537x450.jpeg 537w, https:\/\/www.giurgiuveanul.ro\/stiri\/wp-content\/uploads\/2023\/01\/WhatsApp-Image-2023-01-26-at-13.23.56-768x644.jpeg 768w, https:\/\/www.giurgiuveanul.ro\/stiri\/wp-content\/uploads\/2023\/01\/WhatsApp-Image-2023-01-26-at-13.23.56-400x335.jpeg 400w\" sizes=\"auto, (max-width: 586px) 100vw, 586px\" \/><\/a>Administra\u0163ia Na\u0163ional\u0103 de Meteorologie a emis, ast\u0103zi,<!--more--> dou\u0103 aten\u021bion\u0103ri tip cod galben de precipita\u021bii \u00eensemnate cantitativ, polei \u0219i v\u00e2nt \u00een mai multe jude\u021be ale \u021b\u0103rii, printre care \u0219i Giurgiu.<\/strong><\/p>\n<p style=\"text-align: justify;\">Astfel, potrivit meteorologilor, de ast\u0103zi de la ora 18:00, p\u00e2n\u0103 m\u00e2ine diminea\u021b\u0103 la ora 10:00, vor fi precipita\u021bii \u00eendeosebi sub form\u0103 de ploaie \u0219i lapovi\u021b\u0103, iar local se va depune polei. V\u00e2ntul va prezenta intensific\u0103ri, cu viteze \u00een general de 50-60 km\/h.<\/p>\n<p style=\"text-align: justify;\">A doua aten\u021bionare va intra \u00een vigoare pe 27 ianuarie, la ora 10:00 \u0219i va fi valabil\u0103 p\u00e2n\u0103 pe 28 ianuarie, la ora 22:00. \u00cen zonele joase de relief, la \u00eenceput vor fi precipita\u021bii sub form\u0103 de ninsoare, lapovi\u021b\u0103 \u0219i ploaie, apoi treptat vor predomina ninsorile \u0219i se va depune strat de z\u0103pad\u0103. Local \u0219i temporar, vor fi \u0219i intensific\u0103ri ale v\u00e2ntului, cu viteze \u00een general de 50-60 km\/h, care vor viscoli ninsoarea.<\/p>\n<p style=\"text-align: justify;\">Pentru a preveni situa\u021biile de urgen\u021b\u0103,<strong> ISU Giurgiu recomand\u0103 respectarea urm\u0103toarelor m\u0103suri:<\/strong><br \/>\n&#8211; evita\u021bi deplas\u0103rile pe timp de polei, viscol \u015fi ninsoare puternic\u0103, iar dac\u0103 acest lucru nu este posibil, informa\u021bi-v\u0103, \u00een prealabil, asupra condi\u021biilor de drum;<br \/>\n&#8211; \u00eenainte de plecare, asigura\u021bi-v\u0103 c\u0103 sistemul de \u00eenc\u0103lzire func\u0163ioneaz\u0103, rezervorul de combustibil este plin, iar autovehiculele sunt echipate corespunz\u0103tor pentru circula\u0163ia \u00een condi\u0163ii de iarn\u0103 (anvelope specifice sezonului rece, lan\u0163uri antiderapante, lopat\u0103, s\u0103cule\u0163 cu nisip etc.);<br \/>\n&#8211; parca\u021bi autoturismele la distan\u021b\u0103 sigur\u0103 fa\u021b\u0103 de copaci sau st\u00e2lpi de electricitate;<br \/>\n&#8211; urm\u0103ri\u021bi la posturile radio\/tv buletinele meteorologice \u015fi recomand\u0103rile autorit\u0103\u0163ilor.<\/p>\n<p style=\"text-align: justify;\">Pentru c\u0103 temperaturile vor fi destul de sc\u0103zute, sf\u0103tuim cet\u0103\u021benii s\u0103 verifice sobele, centralele termice \u015fi co\u015furile de evacuare a fumului, astfel \u00eenc\u00e2t acestea s\u0103 nu prezinte fisuri care s\u0103 permit\u0103 sc\u00e2nteilor s\u0103 incendieze materialele combustibile din apropiere.<\/p>\n<p style=\"text-align: justify;\">De asemenea, mijloacele de \u00eenc\u0103lzire trebuie folosite doar dac\u0103 nu au defec\u0163iuni \u0219i f\u0103r\u0103 improviza\u0163ii, iar instala\u0163ia electric\u0103 nu trebuie suprasolicitat\u0103.<br \/>\nMai multe informa\u021bii despre modul de comportare \u00een cazul producerii unor situa\u021bii de urgen\u021b\u0103 sau alte date utile referitoare la manifestarea fenomenelor meteorologice periculoase pot fi ob\u021binute prin intermediul aplica\u021biei DSU, care poate fi desc\u0103rcat\u0103 gratuit din Google Play Store \u0219i AppStore.<\/p>\n","protected":false},"excerpt":{"rendered":"<p>Administra\u0163ia Na\u0163ional\u0103 de Meteorologie a emis, ast\u0103zi,<\/p>\n","protected":false},"author":1,"featured_media":0,"comment_status":"open","ping_status":"open","sticky":false,"template":"","format":"standard","meta":{"footnotes":""},"categories":[6],"tags":[],"class_list":["post-95180","post","type-post","status-publish","format-standard","hentry","category-breaking-news"],"_links":{"self":[{"href":"https:\/\/www.giurgiuveanul.ro\/stiri\/wp-json\/wp\/v2\/posts\/95180","targetHints":{"allow":["GET"]}}],"collection":[{"href":"https:\/\/www.giurgiuveanul.ro\/stiri\/wp-json\/wp\/v2\/posts"}],"about":[{"href":"https:\/\/www.giurgiuveanul.ro\/stiri\/wp-json\/wp\/v2\/types\/post"}],"author":[{"embeddable":true,"href":"https:\/\/www.giurgiuveanul.ro\/stiri\/wp-json\/wp\/v2\/users\/1"}],"replies":[{"embeddable":true,"href":"https:\/\/www.giurgiuveanul.ro\/stiri\/wp-json\/wp\/v2\/comments?post=95180"}],"version-history":[{"count":0,"href":"https:\/\/www.giurgiuveanul.ro\/stiri\/wp-json\/wp\/v2\/posts\/95180\/revisions"}],"wp:attachment":[{"href":"https:\/\/www.giurgiuveanul.ro\/stiri\/wp-json\/wp\/v2\/media?parent=95180"}],"wp:term":[{"taxonomy":"category","embeddable":true,"href":"https:\/\/www.giurgiuveanul.ro\/stiri\/wp-json\/wp\/v2\/categories?post=95180"},{"taxonomy":"post_tag","embeddable":true,"href":"https:\/\/www.giurgiuveanul.ro\/stiri\/wp-json\/wp\/v2\/tags?post=95180"}],"curies":[{"name":"wp","href":"https:\/\/api.w.org\/{rel}","templated":true}]}}