{"id":95185,"date":"2023-01-26T16:07:02","date_gmt":"2023-01-26T14:07:02","guid":{"rendered":"https:\/\/www.giurgiuveanul.ro\/stiri\/?p=95185"},"modified":"2023-01-26T16:07:17","modified_gmt":"2023-01-26T14:07:17","slug":"eveniment-rutier-in-adunatii-copaceni-foto","status":"publish","type":"post","link":"https:\/\/www.giurgiuveanul.ro\/stiri\/eveniment-rutier-in-adunatii-copaceni-foto\/","title":{"rendered":"EVENIMENT RUTIER \u00een Aduna\u0163ii Cop\u0103ceni (FOTO)"},"content":{"rendered":"<p style=\"text-align: justify;\"><strong><a href=\"https:\/\/www.giurgiuveanul.ro\/stiri\/wp-content\/uploads\/2023\/01\/WhatsApp-Image-2023-01-26-at-11.12.30.jpeg\"><img loading=\"lazy\" decoding=\"async\" class=\"aligncenter wp-image-95186\" src=\"https:\/\/www.giurgiuveanul.ro\/stiri\/wp-content\/uploads\/2023\/01\/WhatsApp-Image-2023-01-26-at-11.12.30-529x450.jpeg\" alt=\"\" width=\"567\" height=\"482\" srcset=\"https:\/\/www.giurgiuveanul.ro\/stiri\/wp-content\/uploads\/2023\/01\/WhatsApp-Image-2023-01-26-at-11.12.30-529x450.jpeg 529w, https:\/\/www.giurgiuveanul.ro\/stiri\/wp-content\/uploads\/2023\/01\/WhatsApp-Image-2023-01-26-at-11.12.30-250x213.jpeg 250w, https:\/\/www.giurgiuveanul.ro\/stiri\/wp-content\/uploads\/2023\/01\/WhatsApp-Image-2023-01-26-at-11.12.30-768x654.jpeg 768w, https:\/\/www.giurgiuveanul.ro\/stiri\/wp-content\/uploads\/2023\/01\/WhatsApp-Image-2023-01-26-at-11.12.30-400x340.jpeg 400w, https:\/\/www.giurgiuveanul.ro\/stiri\/wp-content\/uploads\/2023\/01\/WhatsApp-Image-2023-01-26-at-11.12.30.jpeg 1530w\" sizes=\"auto, (max-width: 567px) 100vw, 567px\" \/><\/a>Pompierii au fost solicita\u021bi s\u0103 intervin\u0103, ast\u0103zi, \u00een<!--more--> cazul unui accident rutier, produs pe strada Principal\u0103 din localitatea Aduna\u021bii Cop\u0103ceni, informeaz\u0103 ISU Giurgiu.<\/strong><\/p>\n<p style=\"text-align: justify;\">Ajun\u0219i la locul evenimentului cu o ambulan\u021b\u0103 SMURD \u0219i o autospecial\u0103 de stingere de la Punctul de Lucru C\u0103lug\u0103reni \u0219i Garda de Interven\u021bie Mih\u0103ile\u0219ti, pompierii au constatat c\u0103 \u00een accident au fost implicate un autoturism \u0219i o autobasculant\u0103.<\/p>\n<p style=\"text-align: justify;\">Din fericire, nu au fost persoane r\u0103nite.<\/p>\n<p style=\"text-align: justify;\">Pompierii au ac\u021bionat pentru sablarea p\u0103r\u021bii carosabile, iar cazul a r\u0103mas \u00een aten\u021bia Poli\u021biei pentru cercet\u0103ri.<\/p>\n<p style=\"text-align: justify;\">Pentru a preveni astfel de evenimente, recomand\u0103m conduc\u0103torilor auto s\u0103 dea dovad\u0103 de pruden\u021b\u0103 la volan, s\u0103 respecte regulile de circula\u021bie pentru propria lor siguran\u021b\u0103, dar \u0219i a celorlal\u021bi participan\u021bi la trafic.<\/p>\n<p style=\"text-align: justify;\">\u00cen continuare, pompierii militari r\u0103m\u00e2n mobiliza\u021bi, 24 de ore din 24, pentru gestionarea operativ\u0103 a situa\u0163iilor de urgen\u0163\u0103 \u015fi acordarea primului ajutor medical specializat persoanelor aflate \u00een dificultate.<\/p>\n<p style=\"text-align: justify;\">Evenimentele \u00eenregistrate la nivel jude\u021bean r\u0103m\u00e2n \u00een aten\u021bia Centrului Opera\u021bional, pentru dispunerea imediat\u0103 a m\u0103surilor menite s\u0103 asigure optimizarea misiunilor de r\u0103spuns orientate spre salvarea de vie\u021bi.<\/p>\n<p style=\"text-align: justify;\">Informa\u021bii despre modul de comportare \u00een cazul producerii unor situa\u021bii de urgen\u021b\u0103 pot fi ob\u021binute prin accesarea platformei na\u021bionale de preg\u0103tire \u00een situa\u021bii de urgen\u021b\u0103 <a href=\"https:\/\/fiipregatit.ro\">https:\/\/fiipregatit.ro<\/a> .<\/p>\n","protected":false},"excerpt":{"rendered":"<p>Pompierii au fost solicita\u021bi s\u0103 intervin\u0103, ast\u0103zi, \u00een<\/p>\n","protected":false},"author":1,"featured_media":0,"comment_status":"open","ping_status":"open","sticky":false,"template":"","format":"standard","meta":{"footnotes":""},"categories":[6],"tags":[],"class_list":["post-95185","post","type-post","status-publish","format-standard","hentry","category-breaking-news"],"_links":{"self":[{"href":"https:\/\/www.giurgiuveanul.ro\/stiri\/wp-json\/wp\/v2\/posts\/95185","targetHints":{"allow":["GET"]}}],"collection":[{"href":"https:\/\/www.giurgiuveanul.ro\/stiri\/wp-json\/wp\/v2\/posts"}],"about":[{"href":"https:\/\/www.giurgiuveanul.ro\/stiri\/wp-json\/wp\/v2\/types\/post"}],"author":[{"embeddable":true,"href":"https:\/\/www.giurgiuveanul.ro\/stiri\/wp-json\/wp\/v2\/users\/1"}],"replies":[{"embeddable":true,"href":"https:\/\/www.giurgiuveanul.ro\/stiri\/wp-json\/wp\/v2\/comments?post=95185"}],"version-history":[{"count":0,"href":"https:\/\/www.giurgiuveanul.ro\/stiri\/wp-json\/wp\/v2\/posts\/95185\/revisions"}],"wp:attachment":[{"href":"https:\/\/www.giurgiuveanul.ro\/stiri\/wp-json\/wp\/v2\/media?parent=95185"}],"wp:term":[{"taxonomy":"category","embeddable":true,"href":"https:\/\/www.giurgiuveanul.ro\/stiri\/wp-json\/wp\/v2\/categories?post=95185"},{"taxonomy":"post_tag","embeddable":true,"href":"https:\/\/www.giurgiuveanul.ro\/stiri\/wp-json\/wp\/v2\/tags?post=95185"}],"curies":[{"name":"wp","href":"https:\/\/api.w.org\/{rel}","templated":true}]}}