{"id":95189,"date":"2023-01-26T19:13:30","date_gmt":"2023-01-26T17:13:30","guid":{"rendered":"https:\/\/www.giurgiuveanul.ro\/stiri\/?p=95189"},"modified":"2023-01-26T19:46:03","modified_gmt":"2023-01-26T17:46:03","slug":"dgspc-giurgiu-beneficiar-al-proiectului-sprijin-pentru-implementarea-conventiei-de-la-istanbul-in-romania","status":"publish","type":"post","link":"https:\/\/www.giurgiuveanul.ro\/stiri\/dgspc-giurgiu-beneficiar-al-proiectului-sprijin-pentru-implementarea-conventiei-de-la-istanbul-in-romania\/","title":{"rendered":"DGASPC Giurgiu &#8211; beneficiar al proiectului &#8222;Sprijin pentru implementarea Conven\u021biei de la Istanbul \u00een Rom\u00e2nia\u201d"},"content":{"rendered":"<p style=\"text-align: justify;\"><a href=\"https:\/\/www.giurgiuveanul.ro\/stiri\/wp-content\/uploads\/2023\/01\/PHOTO-2023.jpg\"><img loading=\"lazy\" decoding=\"async\" class=\"aligncenter wp-image-95190\" src=\"https:\/\/www.giurgiuveanul.ro\/stiri\/wp-content\/uploads\/2023\/01\/PHOTO-2023-560x326.jpg\" alt=\"\" width=\"579\" height=\"337\" srcset=\"https:\/\/www.giurgiuveanul.ro\/stiri\/wp-content\/uploads\/2023\/01\/PHOTO-2023-560x326.jpg 560w, https:\/\/www.giurgiuveanul.ro\/stiri\/wp-content\/uploads\/2023\/01\/PHOTO-2023-250x146.jpg 250w, https:\/\/www.giurgiuveanul.ro\/stiri\/wp-content\/uploads\/2023\/01\/PHOTO-2023-768x447.jpg 768w, https:\/\/www.giurgiuveanul.ro\/stiri\/wp-content\/uploads\/2023\/01\/PHOTO-2023-1536x894.jpg 1536w, https:\/\/www.giurgiuveanul.ro\/stiri\/wp-content\/uploads\/2023\/01\/PHOTO-2023-400x233.jpg 400w, https:\/\/www.giurgiuveanul.ro\/stiri\/wp-content\/uploads\/2023\/01\/PHOTO-2023.jpg 2044w\" sizes=\"auto, (max-width: 579px) 100vw, 579px\" \/><\/a>In perioada 15-18 ianuarie 2023, o delega\u021bie a Ministerului Muncii si Solidarit\u0103\u021bii Sociale a<!--more--> participat la o activitate in cadrul proiectului ANES, in Norvegia, finan\u021bat de Regatul Norvegiei prin Granturile Norvegiene, printr-un grant in valoare total\u0103 de 2,5 milioane Euro.<\/p>\n<p style=\"text-align: justify;\">Delega\u021bia a fost condus\u0103 de Doamna Secretar de Stat, Lumini\u021ba Popescu, Pre\u0219edintele Autorit\u0103\u021bii Na\u021bionale pentru Egalitate de \u0218anse, al\u0103turi de repezentan\u021bi ai Ministerului Muncii si Solidarit\u0103\u021bii Sociale si Ministerul Justi\u021biei din Rom\u00e2nia. Din delega\u021bie au f\u0103cut parte, ca invita\u021bi, \u0219i zece directori de DGASPC-uri, printre care \u0219i DGASPC Giurgiu, institu\u021bia noast\u0103 fiind apreciat\u0103 pentru rezultatele notabile ob\u021binute in opera\u021bionalizarea centrului pentru agresori in cursul anului 2022.<\/p>\n<p style=\"text-align: justify;\">\u201dProiectul are ca obiectiv strategic cre\u0219terea capacita\u021bii administra\u021biei publice din Romania \u00een adoptarea unei abord\u0103ri coordonate pentru dep\u0103\u0219irea provoc\u0103rilor reprezentate de punerea \u00een aplicare a Conven\u021biei de la Istanbul, viz\u00e2nd totodat\u0103, reducerea fenomenului violen\u021bei domestice \u0219i a violen\u021bei \u00eempotriva femeilor prin facilitarea schimbului de bune practici cu institu\u021bii si organiza\u021bii norvegiene relevante, cu experien\u021b\u0103 \u00een domeniul prevenirii si combaterii violen\u021bei domestice \u0219i a violen\u021bei \u00eempotriva femeilor\u201d, a declarat la deschiderea lucr\u0103rilor sesiunii, Doamna Secretar de Stat, Lumini\u021ba Popescu.<\/p>\n<p style=\"text-align: justify;\">In cadrul sesiunii de lucru, au fost discutate aspecte ce privesc colaborarea interinstitu\u021bional\u0103 dintre structurile de asisten\u021b\u0103 social\u0103 \u0219i institu\u021biile de ordine public\u0103 (Poli\u021bia, Poli\u021bia local\u0103), justi\u021bie, parchete, UAT-uri. De asemenea, au avut loc schimburi de experien\u021b\u0103 \u0219i au fost identificate bune practici in acest domeniu, ce vor fi implementate in Strategia \u0219i \u00een Planul de ac\u021biune al DGASPC Giurgiu, \u00een perioada urm\u0103toare.<\/p>\n","protected":false},"excerpt":{"rendered":"<p>In perioada 15-18 ianuarie 2023, o delega\u021bie a Ministerului Muncii si Solidarit\u0103\u021bii Sociale a<\/p>\n","protected":false},"author":1,"featured_media":0,"comment_status":"open","ping_status":"open","sticky":false,"template":"","format":"standard","meta":{"footnotes":""},"categories":[6],"tags":[],"class_list":["post-95189","post","type-post","status-publish","format-standard","hentry","category-breaking-news"],"_links":{"self":[{"href":"https:\/\/www.giurgiuveanul.ro\/stiri\/wp-json\/wp\/v2\/posts\/95189","targetHints":{"allow":["GET"]}}],"collection":[{"href":"https:\/\/www.giurgiuveanul.ro\/stiri\/wp-json\/wp\/v2\/posts"}],"about":[{"href":"https:\/\/www.giurgiuveanul.ro\/stiri\/wp-json\/wp\/v2\/types\/post"}],"author":[{"embeddable":true,"href":"https:\/\/www.giurgiuveanul.ro\/stiri\/wp-json\/wp\/v2\/users\/1"}],"replies":[{"embeddable":true,"href":"https:\/\/www.giurgiuveanul.ro\/stiri\/wp-json\/wp\/v2\/comments?post=95189"}],"version-history":[{"count":0,"href":"https:\/\/www.giurgiuveanul.ro\/stiri\/wp-json\/wp\/v2\/posts\/95189\/revisions"}],"wp:attachment":[{"href":"https:\/\/www.giurgiuveanul.ro\/stiri\/wp-json\/wp\/v2\/media?parent=95189"}],"wp:term":[{"taxonomy":"category","embeddable":true,"href":"https:\/\/www.giurgiuveanul.ro\/stiri\/wp-json\/wp\/v2\/categories?post=95189"},{"taxonomy":"post_tag","embeddable":true,"href":"https:\/\/www.giurgiuveanul.ro\/stiri\/wp-json\/wp\/v2\/tags?post=95189"}],"curies":[{"name":"wp","href":"https:\/\/api.w.org\/{rel}","templated":true}]}}